{"id":10223,"date":"2014-11-16T22:06:16","date_gmt":"2014-11-16T22:06:16","guid":{"rendered":"http:\/\/nosolocomics.com\/?p=10223"},"modified":"2022-01-02T18:28:50","modified_gmt":"2022-01-02T18:28:50","slug":"blacksad-amarillo-es-el-premio-nacional-de-comic-2014","status":"publish","type":"post","link":"https:\/\/www.nosolocomics.com\/blog\/comics\/blacksad-amarillo-es-el-premio-nacional-de-comic-2014\/","title":{"rendered":"Blacksad: amarillo es el Premio Nacional de C\u00f3mic 2014"},"content":{"rendered":"\n\n<div class=\"kk-star-ratings kksr-auto kksr-align-left kksr-valign-top\"\n    data-payload='{&quot;align&quot;:&quot;left&quot;,&quot;id&quot;:&quot;10223&quot;,&quot;slug&quot;:&quot;default&quot;,&quot;valign&quot;:&quot;top&quot;,&quot;ignore&quot;:&quot;&quot;,&quot;reference&quot;:&quot;auto&quot;,&quot;class&quot;:&quot;&quot;,&quot;count&quot;:&quot;0&quot;,&quot;legendonly&quot;:&quot;&quot;,&quot;readonly&quot;:&quot;&quot;,&quot;score&quot;:&quot;0&quot;,&quot;starsonly&quot;:&quot;&quot;,&quot;best&quot;:&quot;5&quot;,&quot;gap&quot;:&quot;5&quot;,&quot;greet&quot;:&quot;Rate this post&quot;,&quot;legend&quot;:&quot;0\\\/5 - (0 votos)&quot;,&quot;size&quot;:&quot;22&quot;,&quot;title&quot;:&quot;Blacksad: amarillo es el Premio Nacional de C\u00f3mic 2014&quot;,&quot;width&quot;:&quot;0&quot;,&quot;_legend&quot;:&quot;{score}\\\/{best} - ({count} {votes})&quot;,&quot;font_factor&quot;:&quot;1.25&quot;}'>\n            \n<div class=\"kksr-stars\">\n    \n<div class=\"kksr-stars-inactive\">\n            <div class=\"kksr-star\" data-star=\"1\" style=\"padding-right: 5px\">\n            \n\n<div class=\"kksr-icon\" style=\"width: 22px; height: 22px;\"><\/div>\n        <\/div>\n            <div class=\"kksr-star\" data-star=\"2\" style=\"padding-right: 5px\">\n            \n\n<div class=\"kksr-icon\" style=\"width: 22px; height: 22px;\"><\/div>\n        <\/div>\n            <div class=\"kksr-star\" data-star=\"3\" style=\"padding-right: 5px\">\n            \n\n<div class=\"kksr-icon\" style=\"width: 22px; height: 22px;\"><\/div>\n        <\/div>\n            <div class=\"kksr-star\" data-star=\"4\" style=\"padding-right: 5px\">\n            \n\n<div class=\"kksr-icon\" style=\"width: 22px; height: 22px;\"><\/div>\n        <\/div>\n            <div class=\"kksr-star\" data-star=\"5\" style=\"padding-right: 5px\">\n            \n\n<div class=\"kksr-icon\" style=\"width: 22px; height: 22px;\"><\/div>\n        <\/div>\n    <\/div>\n    \n<div class=\"kksr-stars-active\" style=\"width: 0px;\">\n            <div class=\"kksr-star\" style=\"padding-right: 5px\">\n            \n\n<div class=\"kksr-icon\" style=\"width: 22px; height: 22px;\"><\/div>\n        <\/div>\n            <div class=\"kksr-star\" style=\"padding-right: 5px\">\n            \n\n<div class=\"kksr-icon\" style=\"width: 22px; height: 22px;\"><\/div>\n        <\/div>\n            <div class=\"kksr-star\" style=\"padding-right: 5px\">\n            \n\n<div class=\"kksr-icon\" style=\"width: 22px; height: 22px;\"><\/div>\n        <\/div>\n            <div class=\"kksr-star\" style=\"padding-right: 5px\">\n            \n\n<div class=\"kksr-icon\" style=\"width: 22px; height: 22px;\"><\/div>\n        <\/div>\n            <div class=\"kksr-star\" style=\"padding-right: 5px\">\n            \n\n<div class=\"kksr-icon\" style=\"width: 22px; height: 22px;\"><\/div>\n        <\/div>\n    <\/div>\n<\/div>\n                \n\n<div class=\"kksr-legend\" style=\"font-size: 17.6px;\">\n            <span class=\"kksr-muted\">Rate this post<\/span>\n    <\/div>\n    <\/div>\n<p>As\u00ed es, esta obra con gui\u00f3n de <a href=\"http:\/\/es.wikipedia.org\/wiki\/Juan_D%C3%ADaz_Canales\">Juan D\u00edaz Canales<\/a>\u00a0y dibujo de\u00a0<a href=\"http:\/\/es.wikipedia.org\/wiki\/Juanjo_Guarnido\">Juanjo Guarnido<\/a>, ha sido galardonada como el\u00a0mejor c\u00f3mic\u00a0espa\u00f1ol editado en el 2013. La\u00a0obra, el quinto volumen de\u00a0una serie que se inici\u00f3 all\u00e1 por el a\u00f1o 2000, mezcla elementos de road movie y novela negra ambientando la acci\u00f3n en los Estados Unidos, tras la Segunda Guerra Mundial.<\/p>\n<p>En ella, todos los personajes son animales con forma humana, a imagen y semejanza del gran <a href=\"http:\/\/es.wikipedia.org\/wiki\/Maus\"><strong>Maus, relato de un superviviente<\/strong><\/a>\u00a0(recordemos, esa gran obra sobre el holocausto nazi que ha sido el \u00fanico c\u00f3mic en ganar un premio <strong>Pulitzer<\/strong>, antes de que \u00e9ste prohibiese considerar a los c\u00f3mics para el premio).<\/p>\n<p><a href=\"http:\/\/nosolocomics.com\/blog\/wp-content\/uploads\/2014\/11\/Blacksad-Amarillo2.jpg\"><img loading=\"lazy\" decoding=\"async\" class=\"alignnone size-full wp-image-10258\" src=\"http:\/\/nosolocomics.com\/blog\/wp-content\/uploads\/2014\/11\/Blacksad-Amarillo2.jpg\" alt=\"Blacksad Amarillo2\" width=\"808\" height=\"544\" \/><\/a><\/p>\n<p>En <strong>zonanegativa.com<\/strong>, ten\u00e9is una <a href=\"http:\/\/www.zonanegativa.com\/blacksad-amarillo\/\">amplia rese\u00f1a<\/a>\u00a0de este quinto volumen y aqu\u00ed la sinopsis oficial con el argumento de esta quinta parte, espectacular y muy cuidado:<\/p>\n<p style=\"text-align: left; padding-left: 30px;\"><em><b>\u00abJohn Blacksad <\/b>est\u00e1 cansado de tanta violencia y miseria a su alrededor, as\u00ed que decide tomarse su tiempo antes de volver a casa. La suerte parece sonre\u00edrle cuando un desconocido le contrata para llevar su coche, un flamante Cadillac modelo Eldorado, desde Nueva Orleans hasta Tulsa. Pero las carreteras del sur son tan polvorientas como imprevisibles y sin quererlo, se ver\u00e1 obligado a atravesar los Estados Unidos de punta a punta para resolver un asesinato. Una apasionante aventura por la que desfilar\u00e1n moteros, abogados, escritores malditos y hasta artistas de circo.\u00bb<\/em><\/p>\n<p>Para los que quera\u00eds saber m\u00e1s de estos premios, tambi\u00e9n en zonanegativa, nos comentan los <a href=\"http:\/\/www.zonanegativa.com\/tag\/premio-nacional-del-comic\/\">Premios Nacionales de c\u00f3mic\u00a0<\/a>de pasados a\u00f1os, en lo que es una recopilaci\u00f3n de grandes obras, como siempre analizadas con esmero.<\/p>\n","protected":false},"excerpt":{"rendered":"<p>As\u00ed es, esta obra con gui\u00f3n de Juan D\u00edaz Canales\u00a0y dibujo de\u00a0Juanjo Guarnido, ha sido galardonada como el\u00a0mejor c\u00f3mic\u00a0espa\u00f1ol editado en el 2013. La\u00a0obra, el quinto volumen de\u00a0una serie que se inici\u00f3 all\u00e1 por el a\u00f1o 2000, mezcla elementos de road movie y novela negra ambientando la acci\u00f3n en los Estados Unidos, tras la Segunda [&hellip;]<\/p>\n","protected":false},"author":1,"featured_media":10257,"comment_status":"open","ping_status":"open","sticky":false,"template":"","format":"standard","meta":{"_monsterinsights_skip_tracking":false,"_monsterinsights_sitenote_active":false,"_monsterinsights_sitenote_note":"","_monsterinsights_sitenote_category":0,"footnotes":""},"categories":[3],"tags":[],"class_list":["post-10223","post","type-post","status-publish","format-standard","has-post-thumbnail","hentry","category-comics"],"aioseo_notices":[],"_links":{"self":[{"href":"https:\/\/www.nosolocomics.com\/blog\/wp-json\/wp\/v2\/posts\/10223","targetHints":{"allow":["GET"]}}],"collection":[{"href":"https:\/\/www.nosolocomics.com\/blog\/wp-json\/wp\/v2\/posts"}],"about":[{"href":"https:\/\/www.nosolocomics.com\/blog\/wp-json\/wp\/v2\/types\/post"}],"author":[{"embeddable":true,"href":"https:\/\/www.nosolocomics.com\/blog\/wp-json\/wp\/v2\/users\/1"}],"replies":[{"embeddable":true,"href":"https:\/\/www.nosolocomics.com\/blog\/wp-json\/wp\/v2\/comments?post=10223"}],"version-history":[{"count":2,"href":"https:\/\/www.nosolocomics.com\/blog\/wp-json\/wp\/v2\/posts\/10223\/revisions"}],"predecessor-version":[{"id":22451,"href":"https:\/\/www.nosolocomics.com\/blog\/wp-json\/wp\/v2\/posts\/10223\/revisions\/22451"}],"wp:featuredmedia":[{"embeddable":true,"href":"https:\/\/www.nosolocomics.com\/blog\/wp-json\/"}],"wp:attachment":[{"href":"https:\/\/www.nosolocomics.com\/blog\/wp-json\/wp\/v2\/media?parent=10223"}],"wp:term":[{"taxonomy":"category","embeddable":true,"href":"https:\/\/www.nosolocomics.com\/blog\/wp-json\/wp\/v2\/categories?post=10223"},{"taxonomy":"post_tag","embeddable":true,"href":"https:\/\/www.nosolocomics.com\/blog\/wp-json\/wp\/v2\/tags?post=10223"}],"curies":[{"name":"wp","href":"https:\/\/api.w.org\/{rel}","templated":true}]}}