{"id":10344,"date":"2014-12-31T07:49:44","date_gmt":"2014-12-31T07:49:44","guid":{"rendered":"http:\/\/nosolocomics.com\/?p=10344"},"modified":"2022-09-11T17:44:25","modified_gmt":"2022-09-11T17:44:25","slug":"lo-mejor-del-2014-por-nosolocomics","status":"publish","type":"post","link":"https:\/\/www.nosolocomics.com\/blog\/general\/lo-mejor-del-2014-por-nosolocomics\/","title":{"rendered":"Lo mejor del 2014 por nosolocomics"},"content":{"rendered":"\n\n<div class=\"kk-star-ratings kksr-auto kksr-align-left kksr-valign-top\"\n    data-payload='{&quot;align&quot;:&quot;left&quot;,&quot;id&quot;:&quot;10344&quot;,&quot;slug&quot;:&quot;default&quot;,&quot;valign&quot;:&quot;top&quot;,&quot;ignore&quot;:&quot;&quot;,&quot;reference&quot;:&quot;auto&quot;,&quot;class&quot;:&quot;&quot;,&quot;count&quot;:&quot;0&quot;,&quot;legendonly&quot;:&quot;&quot;,&quot;readonly&quot;:&quot;&quot;,&quot;score&quot;:&quot;0&quot;,&quot;starsonly&quot;:&quot;&quot;,&quot;best&quot;:&quot;5&quot;,&quot;gap&quot;:&quot;5&quot;,&quot;greet&quot;:&quot;Rate this post&quot;,&quot;legend&quot;:&quot;0\\\/5 - (0 votos)&quot;,&quot;size&quot;:&quot;22&quot;,&quot;title&quot;:&quot;Lo mejor del 2014 por nosolocomics&quot;,&quot;width&quot;:&quot;0&quot;,&quot;_legend&quot;:&quot;{score}\\\/{best} - ({count} {votes})&quot;,&quot;font_factor&quot;:&quot;1.25&quot;}'>\n            \n<div class=\"kksr-stars\">\n    \n<div class=\"kksr-stars-inactive\">\n            <div class=\"kksr-star\" data-star=\"1\" style=\"padding-right: 5px\">\n            \n\n<div class=\"kksr-icon\" style=\"width: 22px; height: 22px;\"><\/div>\n        <\/div>\n            <div class=\"kksr-star\" data-star=\"2\" style=\"padding-right: 5px\">\n            \n\n<div class=\"kksr-icon\" style=\"width: 22px; height: 22px;\"><\/div>\n        <\/div>\n            <div class=\"kksr-star\" data-star=\"3\" style=\"padding-right: 5px\">\n            \n\n<div class=\"kksr-icon\" style=\"width: 22px; height: 22px;\"><\/div>\n        <\/div>\n            <div class=\"kksr-star\" data-star=\"4\" style=\"padding-right: 5px\">\n            \n\n<div class=\"kksr-icon\" style=\"width: 22px; height: 22px;\"><\/div>\n        <\/div>\n            <div class=\"kksr-star\" data-star=\"5\" style=\"padding-right: 5px\">\n            \n\n<div class=\"kksr-icon\" style=\"width: 22px; height: 22px;\"><\/div>\n        <\/div>\n    <\/div>\n    \n<div class=\"kksr-stars-active\" style=\"width: 0px;\">\n            <div class=\"kksr-star\" style=\"padding-right: 5px\">\n            \n\n<div class=\"kksr-icon\" style=\"width: 22px; height: 22px;\"><\/div>\n        <\/div>\n            <div class=\"kksr-star\" style=\"padding-right: 5px\">\n            \n\n<div class=\"kksr-icon\" style=\"width: 22px; height: 22px;\"><\/div>\n        <\/div>\n            <div class=\"kksr-star\" style=\"padding-right: 5px\">\n            \n\n<div class=\"kksr-icon\" style=\"width: 22px; height: 22px;\"><\/div>\n        <\/div>\n            <div class=\"kksr-star\" style=\"padding-right: 5px\">\n            \n\n<div class=\"kksr-icon\" style=\"width: 22px; height: 22px;\"><\/div>\n        <\/div>\n            <div class=\"kksr-star\" style=\"padding-right: 5px\">\n            \n\n<div class=\"kksr-icon\" style=\"width: 22px; height: 22px;\"><\/div>\n        <\/div>\n    <\/div>\n<\/div>\n                \n\n<div class=\"kksr-legend\" style=\"font-size: 17.6px;\">\n            <span class=\"kksr-muted\">Rate this post<\/span>\n    <\/div>\n    <\/div>\n<p>Y acabamos el 2014 con nuestro resumen en nosolocomics. Un 2014 que nos ha venido muy movidito y con grandes novedades, tanto en el mundo del cine como en el de los c\u00f3mics, y en el que os resaltamos lo que para nosotros ha sido m\u00e1s relevante.<\/p>\n<p>En el mundo del cine, hemos tenido una serie\u00a0de\u00a0estrenos muy\u00a0esperados y algunos anuncios que han levantado una gran expectaci\u00f3n. Empezamos con\u00a0<strong><a title=\"Guardianes de la Galaxia, el gran \u00e9xito de Marvel\u2026\" href=\"http:\/\/nosolocomics.com\/blog\/2014\/09\/04\/guardianes-de-la-galaxia-ese-gran-exito-para-marvel\/\">Guardianes de la Galaxia<\/a><\/strong>, que lleg\u00f3 y triunf\u00f3. Aunque inicialmente no se ten\u00edan grandes esperanzas sobre esta pel\u00edcula, finalmente result\u00f3 ser un gran \u00e9xito que convenci\u00f3 por su ritmo y trepidante acci\u00f3n, as\u00ed como sus personajes. Ya se ha anunciado una segunda parte que llegar\u00e1 previsiblemente en 2017.<\/p>\n<p><iframe loading=\"lazy\" src=\"\/\/www.youtube.com\/embed\/F60FZKt_36s\" width=\"560\" height=\"315\" frameborder=\"0\" allowfullscreen=\"allowfullscreen\"><\/iframe><\/p>\n<p><strong><a title=\"El hobbit: la batalla de los cinco ej\u00e9rcitos, la conclusi\u00f3n de la saga\u2026\" href=\"http:\/\/nosolocomics.com\/blog\/2014\/12\/29\/el-hobbit-la-batalla-de-los-cinco-ejercitos-la-conclusion-de-la-saga\/\">El Hobbit: la batalla de los 5 ej\u00e9rcitos<\/a><\/strong>, signific\u00f3 el final del mundo de la Tierra Media de Peter Jackson, en una trilog\u00eda que nos lo hizo pasar en grande pero que fue pol\u00e9mica desde el principio por la extensi\u00f3n que se ha dado para contar la\u00a0historia\u00a0de un libro que se narra en 300 p\u00e1ginas&#8230;<\/p>\n<p><iframe loading=\"lazy\" src=\"\/\/www.youtube.com\/embed\/ZlOwYNS7-ec\" width=\"560\" height=\"315\" frameborder=\"0\" allowfullscreen=\"allowfullscreen\"><\/iframe><\/p>\n<p><a title=\"Ponte al d\u00eda en cine y TV\u2026en este mundo siguen pasando un mont\u00f3n de cosas: Star Wars, Capit\u00e1n Am\u00e9rica, John Constantine y Flash\" href=\"http:\/\/nosolocomics.com\/blog\/2014\/03\/17\/ponte-al-dia-en-cine-y-tv-en-este-mundo-siguen-pasando-un-monton-de-cosas-star-wars-capitan-america-john-constantine-y-flash\/\"><strong>Capit\u00e1n Am\u00e9rica: el Soldado de Invierno<\/strong><\/a>, supuso la segunda parte de las aventuras del Capi, mejorando en todos los sentidos un inicio que no gust\u00f3 a muchos y prologando a la que se dice ser\u00e1 una de las grandes pel\u00edculas del futuro Marvel: <a title=\"S\u00ed\u00ed\u00ed\u00ed\u00ed\u00ed !!!! Capit\u00e1n Am\u00e9rica 3 contar\u00e1 la Civil War\u2026 una de las grandes epopeyas Marvel\u2026\" href=\"http:\/\/nosolocomics.com\/blog\/2014\/10\/15\/siiiiii-capitan-america-3-contara-la-civil-war-una-de-las-grandes-epopeyas-marvel\/\">Capit\u00e1n Am\u00e9rica 3 o Civil War<\/a>, la gran epopeya del c\u00f3mic Marvel que enfrenta entre s\u00ed a todos los superh\u00e9roes, alineados en dos bandos contrapuestos.<\/p>\n<p><iframe loading=\"lazy\" src=\"\/\/www.youtube.com\/embed\/Ics4g1xppFg\" width=\"560\" height=\"315\" frameborder=\"0\" allowfullscreen=\"allowfullscreen\"><\/iframe><\/p>\n<p><a title=\"La siguiente Lego pel\u00edcula ser\u00e1 de \u2026 Batman!!!\" href=\"http:\/\/nosolocomics.com\/blog\/2014\/10\/16\/la-siguiente-lego-pelicula-sera-de-batman\/\"><strong>La LEGO pel\u00edcula<\/strong><\/a>, inicia la que puede ser otra saga o subg\u00e9nero de pel\u00edculas. Aunque tenemos que confesar que a nosotros no nos gust\u00f3 demasiado, la pel\u00edcula cosech\u00f3 bastante \u00e9xito y sorprendi\u00f3 por su factura t\u00e9cnica y su aproximaci\u00f3n al tema, combinando t\u00e9cnicas de slow motion, animaci\u00f3n e imagen real.<\/p>\n<p><iframe loading=\"lazy\" src=\"\/\/www.youtube.com\/embed\/5keczOhu0AU\" width=\"560\" height=\"315\" frameborder=\"0\" allowfullscreen=\"allowfullscreen\"><\/iframe><br \/>\n<a title=\"Est\u00e1 al caer\u2026 Interstellar de Christopher Nolan presenta su trailer definitivo\" href=\"http:\/\/nosolocomics.com\/blog\/2014\/10\/03\/esta-al-caer-interstellar-de-christopher-nolan-presenta-su-trailer-definitivo\/\"><strong>Interstellar<\/strong><\/a>, muy esperada era la siguiente obra de <strong>Christopher Nolan<\/strong> y la verdad es que no ha decepcionado. Una historia llena de suspense, con un gran manejo del ritmo a la Nolan, y una gran interpretaci\u00f3n de <strong>Mathew McConaughey<\/strong>, el nuevo actor de moda, que pilota esta interesante obra.<\/p>\n<p><iframe loading=\"lazy\" src=\"\/\/www.youtube.com\/embed\/UoSSbmD9vqc\" width=\"560\" height=\"315\" frameborder=\"0\" allowfullscreen=\"allowfullscreen\"><\/iframe><\/p>\n<p>Y m\u00e1s all\u00e1 de los estrenos, ha habido algunos\u00a0trailers que han levantado una gran expectacon como son el de <a title=\"Ya est\u00e1 aqu\u00ed el primer tr\u00e0iler de star wars 7!!!\" href=\"http:\/\/nosolocomics.com\/blog\/2014\/11\/28\/ya-esta-aqui-el-primer-trailer-de-star-wars-7\/\"><strong>Star Wars VII<\/strong><\/a>, que muestra unas im\u00e1genes realmente impactantes, con unos soldados de asalto con un look\u00a0fant\u00e1stico, un nuevo villano que ha hecho correr r\u00edos de tinta y un <strong>Halc\u00f3n Milenario<\/strong> y unos <strong>X-Wing<\/strong> volando como nunca habr\u00edamos imaginado. Que llegue ya el momento!!!<\/p>\n<p><iframe loading=\"lazy\" src=\"\/\/www.youtube.com\/embed\/erLk59H86ww\" width=\"560\" height=\"315\" frameborder=\"0\" allowfullscreen=\"allowfullscreen\"><\/iframe><\/p>\n<p>Tambi\u00e9n se ha anticipado\u00a0<a title=\"Woooowwww\u2026 Marvel echa el resto con el trailer de Los Vengadores 2: La era de Ultr\u00f3n\u2026\" href=\"http:\/\/nosolocomics.com\/blog\/2014\/10\/23\/woooowwww-marvel-echa-el-resto-con-el-trailer-de-los-vengadores-2-la-era-de-ultron\/\"><strong>Los Vengadores: La era de\u00a0Ultron<\/strong><\/a>, la segunda parte de la que, para muchos, ha sido la mejor pel\u00edcula de superh\u00e9roes hasta la fecha y que, junto con Star Wars VII, ser\u00e1n las grandes apuestas de Disney en este 2015.<br \/>\n<iframe loading=\"lazy\" src=\"\/\/www.youtube.com\/embed\/K7Wx1xZjx98\" width=\"560\" height=\"315\" frameborder=\"0\" allowfullscreen=\"allowfullscreen\"><\/iframe><\/p>\n<p>En el mundo DC, <a title=\"Primeras im\u00e1genes del nuevo Batm\u00f3vil de Batman vs Superman\u2026 guau!!!\" href=\"http:\/\/nosolocomics.com\/blog\/2014\/09\/11\/primeras-imagenes-del-nuevo-batmovil-de-batman-vs-superman-guau\/\">esperamos\u00a0la llegada del primer\u00a0trailer de Batman vs Superman <\/a>con el pol\u00e9mico nuevo <strong>Batman<\/strong> encarnado por <strong>Ben Affleck\u00a0<\/strong>mientras, tanto DC como Marvel, nos hablaban de\u00a0sus planes de futuro, que contemplan una <a title=\"Warner \/ DC contraataca y muestra sus planes f\u00edlmicos hasta 2020\" href=\"http:\/\/nosolocomics.com\/blog\/2014\/10\/17\/warner-dc-contraataca-y-muestra-sus-planes-filmicos-hasta-2020\/\">andanada de nuevas pel\u00edculas basadas en <strong>Batman, Superman,\u00a0la Liga de la Justicia, Flash, Aquaman<\/strong> o <strong>Linterna Verde\u00a0<\/strong><\/a>entre otros\u00a0por parte de\u00a0DC, y las continuaciones de <strong>Thor, Guardianes de la Galaxia<\/strong>\u00a0y<strong>\u00a0Vengadores<\/strong> principalmente, por parte de Marvel en lo que se denomina <a title=\"Espectacular\u2026 Marvel confirma sus lanzamientos en los pr\u00f3ximos 5 a\u00f1os\u2026 Llega la fase 3!!\" href=\"http:\/\/nosolocomics.com\/blog\/2014\/10\/29\/espectacular-marvel-confirma-sus-lanzamientos-hasta-2020\/\">fase 3<\/a>.<\/p>\n<p><a href=\"http:\/\/nosolocomics.com\/blog\/wp-content\/uploads\/2014\/10\/GalleryChar_1900x900_JusticeLeague_52ab8e54d0a6f0.42170553.jpg\"><img loading=\"lazy\" decoding=\"async\" class=\"alignnone size-full wp-image-8796\" src=\"http:\/\/nosolocomics.com\/blog\/wp-content\/uploads\/2014\/10\/GalleryChar_1900x900_JusticeLeague_52ab8e54d0a6f0.42170553.jpg\" alt=\"GalleryChar_1900x900_JusticeLeague_52ab8e54d0a6f0.42170553\" width=\"1900\" height=\"900\" \/><\/a><a href=\"http:\/\/nosolocomics.com\/blog\/wp-content\/uploads\/2014\/10\/Marvel-Phase-Three-550x433.jpg\"><img loading=\"lazy\" decoding=\"async\" class=\"alignnone size-full wp-image-9564\" src=\"http:\/\/nosolocomics.com\/blog\/wp-content\/uploads\/2014\/10\/Marvel-Phase-Three-550x433.jpg\" alt=\"Marvel-Phase-Three-550x433\" width=\"550\" height=\"433\" \/><\/a><\/p>\n<p>En el mundo de las series,\u00a0<strong>Walking Dead<\/strong> y <strong>Juego de Tronos<\/strong> siguen pegando fuerte, habiendo estrenado la primera su quinta temporada con un renovado inter\u00e9s y estando en preparaci\u00f3n la quinta temporada de Juego de Tronos en una escalada de popularidad que sigue imparable.<\/p>\n<p><a href=\"http:\/\/nosolocomics.com\/blog\/wp-content\/uploads\/2014\/10\/WalkingDead.jpg\"><img loading=\"lazy\" decoding=\"async\" class=\"alignnone size-full wp-image-9581\" src=\"http:\/\/nosolocomics.com\/blog\/wp-content\/uploads\/2014\/10\/WalkingDead.jpg\" alt=\"WalkingDead\" width=\"1200\" height=\"600\" \/><\/a><a href=\"http:\/\/nosolocomics.com\/blog\/wp-content\/uploads\/2014\/04\/gameofthrones.jpg\"><img loading=\"lazy\" decoding=\"async\" class=\"alignnone size-full wp-image-1547\" src=\"http:\/\/nosolocomics.com\/blog\/wp-content\/uploads\/2014\/04\/gameofthrones.jpg\" alt=\"gameofthrones\" width=\"1024\" height=\"768\" srcset=\"https:\/\/www.nosolocomics.com\/blog\/wp-content\/uploads\/2014\/04\/gameofthrones.jpg 1024w, https:\/\/www.nosolocomics.com\/blog\/wp-content\/uploads\/2014\/04\/gameofthrones-300x225.jpg 300w, https:\/\/www.nosolocomics.com\/blog\/wp-content\/uploads\/2014\/04\/gameofthrones-768x576.jpg 768w\" sizes=\"auto, (max-width: 1024px) 100vw, 1024px\" \/><\/a><\/p>\n<p>Y c\u00f3mo no, en cuanto a c\u00f3mics, <a title=\"Y se acab\u00f3 el 32 Sal\u00f3n Internacional del c\u00f3mic con un gran \u00e9xito\" href=\"http:\/\/nosolocomics.com\/blog\/2014\/05\/19\/y-se-acabo-el-32-salon-internacional-del-comic-con-un-gran-exito\/\">un gran sal\u00f3n del c\u00f3mic tuvo lugar en Barcelona <\/a>con record de asistentes y de espacio de exposici\u00f3n. Esto cada vez va a m\u00e1s.<\/p>\n<p>En Estados Unidos, la <strong>Comic Con<\/strong>, la gran convenci\u00f3n mundial del mundo del c\u00f3mic <a title=\"Comic Con San Diego 2014, presenta un mont\u00f3n de primicias en cine y series\u2026 Nuestro resumen\" href=\"http:\/\/nosolocomics.com\/blog\/2014\/08\/05\/comic-con-san-diego-2014-la-meca-del-comic-y-mucho-mas\/\">mostr\u00f3 muchas novedades interesantes<\/a>, ampliando su espectro m\u00e1s all\u00e1 del noveno arte y realizando anuncios y presentaciones de nuevos proyectos f\u00edlmicos.<\/p>\n<p>Siguiendo en el mundo del c\u00f3mic, y\u00a0como\u00a0novedades importantes, se produjo el anuncio de las\u00a0<strong><a title=\"Star Wars #1 ser\u00e1 el c\u00f3mic m\u00e1s vendido en 20 a\u00f1os\u2026\" href=\"http:\/\/nosolocomics.com\/blog\/2014\/12\/22\/star-wars-1-sera-el-comic-mas-vendido-en-20-anos\/\">nuevas series de c\u00f3mics de Star Wars<\/a>,\u00a0<\/strong>que prometen ser un bombazo, en la vuelta de los derechos a <strong>Marvel<\/strong>\u00a0despu\u00e9s de m\u00e1s de 20 a\u00f1os con <strong>Dark Horse Comics<\/strong>.<\/p>\n<p><a href=\"http:\/\/nosolocomics.com\/blog\/wp-content\/uploads\/2014\/12\/StarWarsJQ-Full-8c258.jpg\"><img loading=\"lazy\" decoding=\"async\" class=\" size-full wp-image-10340 aligncenter\" src=\"http:\/\/nosolocomics.com\/blog\/wp-content\/uploads\/2014\/12\/StarWarsJQ-Full-8c258.jpg\" alt=\"StarWarsJQ-Full-8c258\" width=\"900\" height=\"696\" \/><\/a><\/p>\n<p>Ha sido un a\u00f1o en Espa\u00f1a tambi\u00e9n de reediciones con\u00a0<a title=\"Predicador ser\u00e1 reeditado en julio mientras se acerca la serie del mismo t\u00edtulo en algo que promete ser macabro y espectacular\u2026\" href=\"http:\/\/nosolocomics.com\/blog\/2014\/06\/05\/predicador-sera-reeditado-en-julio-y-se-acerca-su-conversion-al-formato-serie-en-algo-que-promete-ser-macabro-y-espectacular\/\">Predicador<\/a>, esa obra canalla de <strong>Garth Ennis<\/strong> que adem\u00e1s <a title=\"Predicador ser\u00e1 reeditado en julio mientras se acerca la serie del mismo t\u00edtulo en algo que promete ser macabro y espectacular\u2026\" href=\"http:\/\/nosolocomics.com\/blog\/2014\/06\/05\/predicador-sera-reeditado-en-julio-y-se-acerca-su-conversion-al-formato-serie-en-algo-que-promete-ser-macabro-y-espectacular\/\">ser\u00e1 probablemente llevado a la peque\u00f1a pantalla<\/a>&#8230;<\/p>\n<p><a href=\"http:\/\/nosolocomics.com\/blog\/wp-content\/uploads\/2013\/11\/Predicador21.jpg\"><img loading=\"lazy\" decoding=\"async\" width=\"2560\" height=\"1440\" class=\" size-full wp-image-500 aligncenter\" src=\"http:\/\/nosolocomics.com\/blog\/wp-content\/uploads\/2013\/11\/Predicador21.jpg\" alt=\"Predicador2\" srcset=\"https:\/\/www.nosolocomics.com\/blog\/wp-content\/uploads\/2013\/11\/Predicador21.jpg 2560w, https:\/\/www.nosolocomics.com\/blog\/wp-content\/uploads\/2013\/11\/Predicador21-300x169.jpg 300w, https:\/\/www.nosolocomics.com\/blog\/wp-content\/uploads\/2013\/11\/Predicador21-1024x576.jpg 1024w, https:\/\/www.nosolocomics.com\/blog\/wp-content\/uploads\/2013\/11\/Predicador21-768x432.jpg 768w, https:\/\/www.nosolocomics.com\/blog\/wp-content\/uploads\/2013\/11\/Predicador21-1536x864.jpg 1536w, https:\/\/www.nosolocomics.com\/blog\/wp-content\/uploads\/2013\/11\/Predicador21-2048x1152.jpg 2048w, https:\/\/www.nosolocomics.com\/blog\/wp-content\/uploads\/2013\/11\/Predicador21-1200x675.jpg 1200w, https:\/\/www.nosolocomics.com\/blog\/wp-content\/uploads\/2013\/11\/Predicador21-1980x1114.jpg 1980w\" sizes=\"auto, (max-width: 2560px) 100vw, 2560px\" \/><\/a><\/p>\n<p>y <strong>Sandman<\/strong>,\u00a0donde adem\u00e1s, <a title=\"Vuelve Sandman, una de las mejores obras de c\u00f3mic de todos los tiempos\u2026\" href=\"http:\/\/nosolocomics.com\/blog\/2014\/06\/08\/vuelve-sandman-una-de-las-mejores-obras-de-comic-de-todos-los-tiempos\/\">Neil Gaiman ha vuelto a sacar una obra que continua la saga<\/a>, 20 a\u00f1os despu\u00e9s. No os lo perd\u00e1is.<\/p>\n<p><a href=\"http:\/\/www.nosolocomics.com\/blog\/wp-content\/uploads\/2014\/09\/c7a981a150dc.jpg\"><img loading=\"lazy\" decoding=\"async\" class=\" size-full wp-image-3567 aligncenter\" src=\"http:\/\/www.nosolocomics.com\/blog\/wp-content\/uploads\/2014\/09\/c7a981a150dc.jpg\" alt=\"Sandman n\u00fam. 10: El velatorio\" width=\"329\" height=\"500\" \/><\/a><\/p>\n<p>Por \u00faltimo, resaltamos el <a title=\"Blacksad: amarillo es el Premio Nacional de C\u00f3mic 2014\" href=\"http:\/\/nosolocomics.com\/blog\/2014\/11\/16\/blacksad-amarillo-es-el-premio-nacional-de-comic-2014\/\">ganador del premio nacional<\/a>\u00a0del c\u00f3mic 2014, <strong>Blacksad amarillo<\/strong>, una suerte de road movie ambientada en los Estados Unidos de los 50&#8230;<\/p>\n<p><a href=\"http:\/\/nosolocomics.com\/blog\/wp-content\/uploads\/2014\/11\/Blacksad-Amarillo.jpg\"><img loading=\"lazy\" decoding=\"async\" class=\" size-full wp-image-10257 aligncenter\" src=\"http:\/\/nosolocomics.com\/blog\/wp-content\/uploads\/2014\/11\/Blacksad-Amarillo.jpg\" alt=\"Blacksad Amarillo\" width=\"452\" height=\"600\" \/><\/a><\/p>\n<p>&nbsp;<\/p>\n<p>Y a vosotros, \u00bfqu\u00e9 os ha parecido este 2014? \u00bfCuales han sido vuestras pel\u00edculas favoritas, las series que m\u00e1s os han enganchado o los lanzamientos en c\u00f3mic que m\u00e1s os han impactado? Esperamos vuestros comentarios y os deseamos que teng\u00e1is un feliz a\u00f1o!!<\/p>\n","protected":false},"excerpt":{"rendered":"<p>Y acabamos el 2014 con nuestro resumen en nosolocomics. Un 2014 que nos ha venido muy movidito y con grandes novedades, tanto en el mundo del cine como en el de los c\u00f3mics, y en el que os resaltamos lo que para nosotros ha sido m\u00e1s relevante. En el mundo del cine, hemos tenido una [&hellip;]<\/p>\n","protected":false},"author":1,"featured_media":10161,"comment_status":"open","ping_status":"open","sticky":false,"template":"","format":"standard","meta":{"_monsterinsights_skip_tracking":false,"_monsterinsights_sitenote_active":false,"_monsterinsights_sitenote_note":"","_monsterinsights_sitenote_category":0,"footnotes":""},"categories":[5],"tags":[22,26,35,45,54,79,83,97,105,110],"class_list":["post-10344","post","type-post","status-publish","format-standard","has-post-thumbnail","hentry","category-general","tag-batman","tag-capitan-america","tag-dc-comics","tag-el-hobbit","tag-guardianes-de-la-galaxia","tag-los-vengadores","tag-marvel","tag-resumen-anual","tag-star-wars","tag-superman"],"aioseo_notices":[],"_links":{"self":[{"href":"https:\/\/www.nosolocomics.com\/blog\/wp-json\/wp\/v2\/posts\/10344","targetHints":{"allow":["GET"]}}],"collection":[{"href":"https:\/\/www.nosolocomics.com\/blog\/wp-json\/wp\/v2\/posts"}],"about":[{"href":"https:\/\/www.nosolocomics.com\/blog\/wp-json\/wp\/v2\/types\/post"}],"author":[{"embeddable":true,"href":"https:\/\/www.nosolocomics.com\/blog\/wp-json\/wp\/v2\/users\/1"}],"replies":[{"embeddable":true,"href":"https:\/\/www.nosolocomics.com\/blog\/wp-json\/wp\/v2\/comments?post=10344"}],"version-history":[{"count":19,"href":"https:\/\/www.nosolocomics.com\/blog\/wp-json\/wp\/v2\/posts\/10344\/revisions"}],"predecessor-version":[{"id":23737,"href":"https:\/\/www.nosolocomics.com\/blog\/wp-json\/wp\/v2\/posts\/10344\/revisions\/23737"}],"wp:featuredmedia":[{"embeddable":true,"href":"https:\/\/www.nosolocomics.com\/blog\/wp-json\/"}],"wp:attachment":[{"href":"https:\/\/www.nosolocomics.com\/blog\/wp-json\/wp\/v2\/media?parent=10344"}],"wp:term":[{"taxonomy":"category","embeddable":true,"href":"https:\/\/www.nosolocomics.com\/blog\/wp-json\/wp\/v2\/categories?post=10344"},{"taxonomy":"post_tag","embeddable":true,"href":"https:\/\/www.nosolocomics.com\/blog\/wp-json\/wp\/v2\/tags?post=10344"}],"curies":[{"name":"wp","href":"https:\/\/api.w.org\/{rel}","templated":true}]}}