{"id":10467,"date":"2015-01-18T08:44:42","date_gmt":"2015-01-18T08:44:42","guid":{"rendered":"http:\/\/nosolocomics.com\/?p=10467"},"modified":"2022-01-02T18:38:34","modified_gmt":"2022-01-02T18:38:34","slug":"entrevista-ibanez-en-el-pais","status":"publish","type":"post","link":"https:\/\/www.nosolocomics.com\/blog\/comics\/entrevista-ibanez-en-el-pais\/","title":{"rendered":"Entrevista a Iba\u00f1ez en El Pais"},"content":{"rendered":"\n\n<div class=\"kk-star-ratings kksr-auto kksr-align-left kksr-valign-top\"\n    data-payload='{&quot;align&quot;:&quot;left&quot;,&quot;id&quot;:&quot;10467&quot;,&quot;slug&quot;:&quot;default&quot;,&quot;valign&quot;:&quot;top&quot;,&quot;ignore&quot;:&quot;&quot;,&quot;reference&quot;:&quot;auto&quot;,&quot;class&quot;:&quot;&quot;,&quot;count&quot;:&quot;0&quot;,&quot;legendonly&quot;:&quot;&quot;,&quot;readonly&quot;:&quot;&quot;,&quot;score&quot;:&quot;0&quot;,&quot;starsonly&quot;:&quot;&quot;,&quot;best&quot;:&quot;5&quot;,&quot;gap&quot;:&quot;5&quot;,&quot;greet&quot;:&quot;Rate this post&quot;,&quot;legend&quot;:&quot;0\\\/5 - (0 votos)&quot;,&quot;size&quot;:&quot;22&quot;,&quot;title&quot;:&quot;Entrevista a Iba\u00f1ez en El Pais&quot;,&quot;width&quot;:&quot;0&quot;,&quot;_legend&quot;:&quot;{score}\\\/{best} - ({count} {votes})&quot;,&quot;font_factor&quot;:&quot;1.25&quot;}'>\n            \n<div class=\"kksr-stars\">\n    \n<div class=\"kksr-stars-inactive\">\n            <div class=\"kksr-star\" data-star=\"1\" style=\"padding-right: 5px\">\n            \n\n<div class=\"kksr-icon\" style=\"width: 22px; height: 22px;\"><\/div>\n        <\/div>\n            <div class=\"kksr-star\" data-star=\"2\" style=\"padding-right: 5px\">\n            \n\n<div class=\"kksr-icon\" style=\"width: 22px; height: 22px;\"><\/div>\n        <\/div>\n            <div class=\"kksr-star\" data-star=\"3\" style=\"padding-right: 5px\">\n            \n\n<div class=\"kksr-icon\" style=\"width: 22px; height: 22px;\"><\/div>\n        <\/div>\n            <div class=\"kksr-star\" data-star=\"4\" style=\"padding-right: 5px\">\n            \n\n<div class=\"kksr-icon\" style=\"width: 22px; height: 22px;\"><\/div>\n        <\/div>\n            <div class=\"kksr-star\" data-star=\"5\" style=\"padding-right: 5px\">\n            \n\n<div class=\"kksr-icon\" style=\"width: 22px; height: 22px;\"><\/div>\n        <\/div>\n    <\/div>\n    \n<div class=\"kksr-stars-active\" style=\"width: 0px;\">\n            <div class=\"kksr-star\" style=\"padding-right: 5px\">\n            \n\n<div class=\"kksr-icon\" style=\"width: 22px; height: 22px;\"><\/div>\n        <\/div>\n            <div class=\"kksr-star\" style=\"padding-right: 5px\">\n            \n\n<div class=\"kksr-icon\" style=\"width: 22px; height: 22px;\"><\/div>\n        <\/div>\n            <div class=\"kksr-star\" style=\"padding-right: 5px\">\n            \n\n<div class=\"kksr-icon\" style=\"width: 22px; height: 22px;\"><\/div>\n        <\/div>\n            <div class=\"kksr-star\" style=\"padding-right: 5px\">\n            \n\n<div class=\"kksr-icon\" style=\"width: 22px; height: 22px;\"><\/div>\n        <\/div>\n            <div class=\"kksr-star\" style=\"padding-right: 5px\">\n            \n\n<div class=\"kksr-icon\" style=\"width: 22px; height: 22px;\"><\/div>\n        <\/div>\n    <\/div>\n<\/div>\n                \n\n<div class=\"kksr-legend\" style=\"font-size: 17.6px;\">\n            <span class=\"kksr-muted\">Rate this post<\/span>\n    <\/div>\n    <\/div>\n<p>Con 78 a\u00f1os sigue <strong>Iba\u00f1ez<\/strong> al pie del ca\u00f1\u00f3n, con ese humor \u00e1cido y ese l\u00facida caricatura\u00a0de la realidad que plasma en todas sus historias. <strong>EL PAIS\u00a0<\/strong>le rinde homenaje en <a href=\"http:\/\/elpais.com\/elpais\/2015\/01\/15\/eps\/1421344370_348305.html\">esta entrevista <\/a>que os recomendamos encarecidamente.<\/p>\n<p><img loading=\"lazy\" decoding=\"async\" class=\"alignnone size-full wp-image-10468\" src=\"http:\/\/nosolocomics.com\/blog\/wp-content\/uploads\/2015\/01\/Iba&ntilde;ez1.jpg\" alt=\"Iba\u00f1ez1\" width=\"560\" height=\"473\" \/><\/p>\n<p>Autor de\u00a0<strong><a href=\"http:\/\/mortadeloyfilemon.com\/\" target=\"_blank\" rel=\"noopener noreferrer\">Mortadelo y Filem\u00f3n<\/a><\/strong>, personajes con los que lleva trabajando desde los 22 a\u00f1os (o sea durante 56 a\u00f1os ya), pero padre tambi\u00e9n de otros personajes no tan conocidos como <strong>Pepe Gotera<\/strong>, el <strong>botones Sacarino<\/strong> o <strong>Rompetechos<\/strong>, <strong><a href=\"http:\/\/es.wikipedia.org\/wiki\/Francisco_Ib%C3%A1%C3%B1ez\">Francisco Ib\u00e1nez<\/a><\/strong>, ha dibujado m\u00e1s de 50.000 p\u00e1ginas de historias, ah\u00ed es nada.<\/p>\n<p><a href=\"http:\/\/nosolocomics.com\/blog\/wp-content\/uploads\/2015\/01\/Iba\u00f1ez3.jpg\"><img loading=\"lazy\" decoding=\"async\" class=\"alignnone size-full wp-image-10470\" src=\"http:\/\/nosolocomics.com\/blog\/wp-content\/uploads\/2015\/01\/Iba&ntilde;ez3.jpg\" alt=\"Iba\u00f1ez3\" width=\"300\" height=\"224\" \/><\/a><\/p>\n<p>Leed la entrevista, os gustar\u00e1 y os descubrir\u00e1 a un gran autor que\u00a0ha construido\u00a0una cr\u00f3nica de Espa\u00f1a muy particular.<\/p>\n","protected":false},"excerpt":{"rendered":"<p>Con 78 a\u00f1os sigue Iba\u00f1ez al pie del ca\u00f1\u00f3n, con ese humor \u00e1cido y ese l\u00facida caricatura\u00a0de la realidad que plasma en todas sus historias. EL PAIS\u00a0le rinde homenaje en esta entrevista que os recomendamos encarecidamente. Autor de\u00a0Mortadelo y Filem\u00f3n, personajes con los que lleva trabajando desde los 22 a\u00f1os (o sea durante 56 a\u00f1os [&hellip;]<\/p>\n","protected":false},"author":1,"featured_media":10469,"comment_status":"open","ping_status":"open","sticky":false,"template":"","format":"standard","meta":{"_monsterinsights_skip_tracking":false,"_monsterinsights_sitenote_active":false,"_monsterinsights_sitenote_note":"","_monsterinsights_sitenote_category":0,"footnotes":""},"categories":[3],"tags":[61],"class_list":["post-10467","post","type-post","status-publish","format-standard","has-post-thumbnail","hentry","category-comics","tag-ibanez"],"aioseo_notices":[],"_links":{"self":[{"href":"https:\/\/www.nosolocomics.com\/blog\/wp-json\/wp\/v2\/posts\/10467","targetHints":{"allow":["GET"]}}],"collection":[{"href":"https:\/\/www.nosolocomics.com\/blog\/wp-json\/wp\/v2\/posts"}],"about":[{"href":"https:\/\/www.nosolocomics.com\/blog\/wp-json\/wp\/v2\/types\/post"}],"author":[{"embeddable":true,"href":"https:\/\/www.nosolocomics.com\/blog\/wp-json\/wp\/v2\/users\/1"}],"replies":[{"embeddable":true,"href":"https:\/\/www.nosolocomics.com\/blog\/wp-json\/wp\/v2\/comments?post=10467"}],"version-history":[{"count":3,"href":"https:\/\/www.nosolocomics.com\/blog\/wp-json\/wp\/v2\/posts\/10467\/revisions"}],"predecessor-version":[{"id":23194,"href":"https:\/\/www.nosolocomics.com\/blog\/wp-json\/wp\/v2\/posts\/10467\/revisions\/23194"}],"wp:featuredmedia":[{"embeddable":true,"href":"https:\/\/www.nosolocomics.com\/blog\/wp-json\/"}],"wp:attachment":[{"href":"https:\/\/www.nosolocomics.com\/blog\/wp-json\/wp\/v2\/media?parent=10467"}],"wp:term":[{"taxonomy":"category","embeddable":true,"href":"https:\/\/www.nosolocomics.com\/blog\/wp-json\/wp\/v2\/categories?post=10467"},{"taxonomy":"post_tag","embeddable":true,"href":"https:\/\/www.nosolocomics.com\/blog\/wp-json\/wp\/v2\/tags?post=10467"}],"curies":[{"name":"wp","href":"https:\/\/api.w.org\/{rel}","templated":true}]}}