{"id":10555,"date":"2015-02-08T13:26:07","date_gmt":"2015-02-08T13:26:07","guid":{"rendered":"http:\/\/nosolocomics.com\/?p=10555"},"modified":"2022-01-02T18:29:28","modified_gmt":"2022-01-02T18:29:28","slug":"primeras-noticias-sobre-el-argumento-de-guardianes-de-la-galaxia-2","status":"publish","type":"post","link":"https:\/\/www.nosolocomics.com\/blog\/seriespeliculas\/primeras-noticias-sobre-el-argumento-de-guardianes-de-la-galaxia-2\/","title":{"rendered":"Primeras noticias sobre el argumento de Guardianes de la Galaxia 2"},"content":{"rendered":"\n\n<div class=\"kk-star-ratings kksr-auto kksr-align-left kksr-valign-top\"\n    data-payload='{&quot;align&quot;:&quot;left&quot;,&quot;id&quot;:&quot;10555&quot;,&quot;slug&quot;:&quot;default&quot;,&quot;valign&quot;:&quot;top&quot;,&quot;ignore&quot;:&quot;&quot;,&quot;reference&quot;:&quot;auto&quot;,&quot;class&quot;:&quot;&quot;,&quot;count&quot;:&quot;0&quot;,&quot;legendonly&quot;:&quot;&quot;,&quot;readonly&quot;:&quot;&quot;,&quot;score&quot;:&quot;0&quot;,&quot;starsonly&quot;:&quot;&quot;,&quot;best&quot;:&quot;5&quot;,&quot;gap&quot;:&quot;5&quot;,&quot;greet&quot;:&quot;Rate this post&quot;,&quot;legend&quot;:&quot;0\\\/5 - (0 votos)&quot;,&quot;size&quot;:&quot;22&quot;,&quot;title&quot;:&quot;Primeras noticias sobre el argumento de Guardianes de la Galaxia 2&quot;,&quot;width&quot;:&quot;0&quot;,&quot;_legend&quot;:&quot;{score}\\\/{best} - ({count} {votes})&quot;,&quot;font_factor&quot;:&quot;1.25&quot;}'>\n            \n<div class=\"kksr-stars\">\n    \n<div class=\"kksr-stars-inactive\">\n            <div class=\"kksr-star\" data-star=\"1\" style=\"padding-right: 5px\">\n            \n\n<div class=\"kksr-icon\" style=\"width: 22px; height: 22px;\"><\/div>\n        <\/div>\n            <div class=\"kksr-star\" data-star=\"2\" style=\"padding-right: 5px\">\n            \n\n<div class=\"kksr-icon\" style=\"width: 22px; height: 22px;\"><\/div>\n        <\/div>\n            <div class=\"kksr-star\" data-star=\"3\" style=\"padding-right: 5px\">\n            \n\n<div class=\"kksr-icon\" style=\"width: 22px; height: 22px;\"><\/div>\n        <\/div>\n            <div class=\"kksr-star\" data-star=\"4\" style=\"padding-right: 5px\">\n            \n\n<div class=\"kksr-icon\" style=\"width: 22px; height: 22px;\"><\/div>\n        <\/div>\n            <div class=\"kksr-star\" data-star=\"5\" style=\"padding-right: 5px\">\n            \n\n<div class=\"kksr-icon\" style=\"width: 22px; height: 22px;\"><\/div>\n        <\/div>\n    <\/div>\n    \n<div class=\"kksr-stars-active\" style=\"width: 0px;\">\n            <div class=\"kksr-star\" style=\"padding-right: 5px\">\n            \n\n<div class=\"kksr-icon\" style=\"width: 22px; height: 22px;\"><\/div>\n        <\/div>\n            <div class=\"kksr-star\" style=\"padding-right: 5px\">\n            \n\n<div class=\"kksr-icon\" style=\"width: 22px; height: 22px;\"><\/div>\n        <\/div>\n            <div class=\"kksr-star\" style=\"padding-right: 5px\">\n            \n\n<div class=\"kksr-icon\" style=\"width: 22px; height: 22px;\"><\/div>\n        <\/div>\n            <div class=\"kksr-star\" style=\"padding-right: 5px\">\n            \n\n<div class=\"kksr-icon\" style=\"width: 22px; height: 22px;\"><\/div>\n        <\/div>\n            <div class=\"kksr-star\" style=\"padding-right: 5px\">\n            \n\n<div class=\"kksr-icon\" style=\"width: 22px; height: 22px;\"><\/div>\n        <\/div>\n    <\/div>\n<\/div>\n                \n\n<div class=\"kksr-legend\" style=\"font-size: 17.6px;\">\n            <span class=\"kksr-muted\">Rate this post<\/span>\n    <\/div>\n    <\/div>\n<p>Ser\u00e1 en mayo de 2017, pero el director y guionista <strong>Peter Gunn<\/strong> (quien ya ejerci\u00f3 ambos roles en la primera parte) ya ha dejado ir los primeros datos\u00a0sobre la segunda parte de los Guardianes.<\/p>\n<p>Seg\u00fan el bueno de James, el argumento se centrar\u00e1 m\u00e1s en la figura del padre de <strong>Peter Quill<\/strong> (<strong>Chris Pratt<\/strong>) y se ahondar\u00e1 en la historia de los personajes, mostrando a dos nuevos personajes que se convertir\u00e1n en muy importantes en\u00a0las futuras pel\u00edculas de los Guardianes y puede que tambi\u00e9n en el universo Marvel&#8230;<\/p>\n<p>Seguro que en las pr\u00f3ximas semanas tendremos m\u00e1s informaci\u00f3n cuando el gui\u00f3n finalice y empiece a planificarse la producci\u00f3n.<\/p>\n<p><a href=\"http:\/\/nosolocomics.com\/blog\/wp-content\/uploads\/2015\/02\/guardianes.jpg\"><img loading=\"lazy\" decoding=\"async\" class=\"alignnone size-full wp-image-10556\" src=\"http:\/\/nosolocomics.com\/blog\/wp-content\/uploads\/2015\/02\/guardianes.jpg\" alt=\"guardianes\" width=\"630\" height=\"410\" \/><\/a><\/p>\n<p><a href=\"http:\/\/www.superherohype.com\/news\/329179-james-gunn-further-teases-guardians-of-the-galaxy-2s-story?utm_source=feedly&amp;utm_reader=feedly&amp;utm_medium=rss&amp;utm_campaign=james-gunn-further-teases-guardians-of-the-galaxy-2s-story\">Le\u00eddo en\u00a0superherohype<\/a><\/p>\n","protected":false},"excerpt":{"rendered":"<p>Ser\u00e1 en mayo de 2017, pero el director y guionista Peter Gunn (quien ya ejerci\u00f3 ambos roles en la primera parte) ya ha dejado ir los primeros datos\u00a0sobre la segunda parte de los Guardianes. Seg\u00fan el bueno de James, el argumento se centrar\u00e1 m\u00e1s en la figura del padre de Peter Quill (Chris Pratt) y [&hellip;]<\/p>\n","protected":false},"author":1,"featured_media":10557,"comment_status":"open","ping_status":"open","sticky":false,"template":"","format":"standard","meta":{"_monsterinsights_skip_tracking":false,"_monsterinsights_sitenote_active":false,"_monsterinsights_sitenote_note":"","_monsterinsights_sitenote_category":0,"footnotes":""},"categories":[8],"tags":[54,83],"class_list":["post-10555","post","type-post","status-publish","format-standard","has-post-thumbnail","hentry","category-seriespeliculas","tag-guardianes-de-la-galaxia","tag-marvel"],"aioseo_notices":[],"_links":{"self":[{"href":"https:\/\/www.nosolocomics.com\/blog\/wp-json\/wp\/v2\/posts\/10555","targetHints":{"allow":["GET"]}}],"collection":[{"href":"https:\/\/www.nosolocomics.com\/blog\/wp-json\/wp\/v2\/posts"}],"about":[{"href":"https:\/\/www.nosolocomics.com\/blog\/wp-json\/wp\/v2\/types\/post"}],"author":[{"embeddable":true,"href":"https:\/\/www.nosolocomics.com\/blog\/wp-json\/wp\/v2\/users\/1"}],"replies":[{"embeddable":true,"href":"https:\/\/www.nosolocomics.com\/blog\/wp-json\/wp\/v2\/comments?post=10555"}],"version-history":[{"count":2,"href":"https:\/\/www.nosolocomics.com\/blog\/wp-json\/wp\/v2\/posts\/10555\/revisions"}],"predecessor-version":[{"id":22475,"href":"https:\/\/www.nosolocomics.com\/blog\/wp-json\/wp\/v2\/posts\/10555\/revisions\/22475"}],"wp:featuredmedia":[{"embeddable":true,"href":"https:\/\/www.nosolocomics.com\/blog\/wp-json\/"}],"wp:attachment":[{"href":"https:\/\/www.nosolocomics.com\/blog\/wp-json\/wp\/v2\/media?parent=10555"}],"wp:term":[{"taxonomy":"category","embeddable":true,"href":"https:\/\/www.nosolocomics.com\/blog\/wp-json\/wp\/v2\/categories?post=10555"},{"taxonomy":"post_tag","embeddable":true,"href":"https:\/\/www.nosolocomics.com\/blog\/wp-json\/wp\/v2\/tags?post=10555"}],"curies":[{"name":"wp","href":"https:\/\/api.w.org\/{rel}","templated":true}]}}