{"id":1062,"date":"2014-01-20T23:14:38","date_gmt":"2014-01-20T23:14:38","guid":{"rendered":"http:\/\/nosolocomics.com\/?p=1062"},"modified":"2022-09-11T17:44:24","modified_gmt":"2022-09-11T17:44:24","slug":"impresionante-trailer-de-300-rise-empire-y-otras-noticias-de-cine","status":"publish","type":"post","link":"https:\/\/www.nosolocomics.com\/blog\/seriespeliculas\/impresionante-trailer-de-300-rise-empire-y-otras-noticias-de-cine\/","title":{"rendered":"Impresionante trailer de 300, Rise of an Empire y otras noticias de cine"},"content":{"rendered":"\n\n<div class=\"kk-star-ratings kksr-auto kksr-align-left kksr-valign-top\"\n    data-payload='{&quot;align&quot;:&quot;left&quot;,&quot;id&quot;:&quot;1062&quot;,&quot;slug&quot;:&quot;default&quot;,&quot;valign&quot;:&quot;top&quot;,&quot;ignore&quot;:&quot;&quot;,&quot;reference&quot;:&quot;auto&quot;,&quot;class&quot;:&quot;&quot;,&quot;count&quot;:&quot;0&quot;,&quot;legendonly&quot;:&quot;&quot;,&quot;readonly&quot;:&quot;&quot;,&quot;score&quot;:&quot;0&quot;,&quot;starsonly&quot;:&quot;&quot;,&quot;best&quot;:&quot;5&quot;,&quot;gap&quot;:&quot;5&quot;,&quot;greet&quot;:&quot;Rate this post&quot;,&quot;legend&quot;:&quot;0\\\/5 - (0 votos)&quot;,&quot;size&quot;:&quot;22&quot;,&quot;title&quot;:&quot;Impresionante trailer de 300, Rise of an Empire y otras noticias de cine&quot;,&quot;width&quot;:&quot;0&quot;,&quot;_legend&quot;:&quot;{score}\\\/{best} - ({count} {votes})&quot;,&quot;font_factor&quot;:&quot;1.25&quot;}'>\n            \n<div class=\"kksr-stars\">\n    \n<div class=\"kksr-stars-inactive\">\n            <div class=\"kksr-star\" data-star=\"1\" style=\"padding-right: 5px\">\n            \n\n<div class=\"kksr-icon\" style=\"width: 22px; height: 22px;\"><\/div>\n        <\/div>\n            <div class=\"kksr-star\" data-star=\"2\" style=\"padding-right: 5px\">\n            \n\n<div class=\"kksr-icon\" style=\"width: 22px; height: 22px;\"><\/div>\n        <\/div>\n            <div class=\"kksr-star\" data-star=\"3\" style=\"padding-right: 5px\">\n            \n\n<div class=\"kksr-icon\" style=\"width: 22px; height: 22px;\"><\/div>\n        <\/div>\n            <div class=\"kksr-star\" data-star=\"4\" style=\"padding-right: 5px\">\n            \n\n<div class=\"kksr-icon\" style=\"width: 22px; height: 22px;\"><\/div>\n        <\/div>\n            <div class=\"kksr-star\" data-star=\"5\" style=\"padding-right: 5px\">\n            \n\n<div class=\"kksr-icon\" style=\"width: 22px; height: 22px;\"><\/div>\n        <\/div>\n    <\/div>\n    \n<div class=\"kksr-stars-active\" style=\"width: 0px;\">\n            <div class=\"kksr-star\" style=\"padding-right: 5px\">\n            \n\n<div class=\"kksr-icon\" style=\"width: 22px; height: 22px;\"><\/div>\n        <\/div>\n            <div class=\"kksr-star\" style=\"padding-right: 5px\">\n            \n\n<div class=\"kksr-icon\" style=\"width: 22px; height: 22px;\"><\/div>\n        <\/div>\n            <div class=\"kksr-star\" style=\"padding-right: 5px\">\n            \n\n<div class=\"kksr-icon\" style=\"width: 22px; height: 22px;\"><\/div>\n        <\/div>\n            <div class=\"kksr-star\" style=\"padding-right: 5px\">\n            \n\n<div class=\"kksr-icon\" style=\"width: 22px; height: 22px;\"><\/div>\n        <\/div>\n            <div class=\"kksr-star\" style=\"padding-right: 5px\">\n            \n\n<div class=\"kksr-icon\" style=\"width: 22px; height: 22px;\"><\/div>\n        <\/div>\n    <\/div>\n<\/div>\n                \n\n<div class=\"kksr-legend\" style=\"font-size: 17.6px;\">\n            <span class=\"kksr-muted\">Rate this post<\/span>\n    <\/div>\n    <\/div>\n<p>Impresionante, no se me ocurre otra palabra. Acci\u00f3n trepidante y c\u00f3mo ya dijimos en el pasado una est\u00e9tica preciosista y muy particular para esta precuela de aquel otro filme, <em><strong>300<\/strong><\/em>, basado en ese c\u00f3mic del gran <strong>Frank Miller<\/strong>. Ya falta poco para el estreno, el pr\u00f3ximo mes de marzo. Nos vemos all\u00ed&#8230;<br \/>\n<iframe loading=\"lazy\" src=\"\/\/www.youtube.com\/embed\/iqU90G6ubtY\" width=\"560\" height=\"315\" frameborder=\"0\" allowfullscreen=\"allowfullscreen\"><\/iframe><\/p>\n<p>Y m\u00e1s novedades. Parece que el filme <strong>Batman vs Superman<\/strong>, se retrasa a verano de 2016, seg\u00fan la versi\u00f3n oficial por una lesi\u00f3n del actor, que recordadlo (y temedlo) debe encarnar a Batman a partir de ahora, <a href=\"http:\/\/www.imdb.com\/name\/nm0000255\/?licb=0.09100637724623084\"><strong>Ben Affleck<\/strong><\/a>.<\/p>\n<p>&nbsp;<\/p>\n<p>Aunque de todas maneras, las malas lenguas dicen que m\u00e1s que eso es porque la Warner, productora del filme, no lo quiere hacer coincidir con esos dos grandes lanzamientos que <strong>Disney\/Marvel\/Lucasfilm<\/strong> prepara para este 2015: <strong><em>Los Vengadores 2<\/em><\/strong>, secuela de la muy apreciada <a href=\"http:\/\/www.imdb.com\/title\/tt0848228\/\"><strong><em>Los Vengadores<\/em><\/strong><\/a> y <em><strong>Star Wars VII<\/strong><\/em>, la nueva entrega del universo Star Wars que iniciar\u00e1 la tercera trilog\u00eda del mundo creado por <a href=\"http:\/\/es.wikipedia.org\/wiki\/George_Lucas\"><strong>George Lucas<\/strong><\/a>&#8230; Qu\u00e9 quer\u00e9is que os diga, creo que es de sabios pensarselo dos veces antes de atreverse a desafiar a la maquinaria de esta apisonadora en que se ha convertido <strong>Disney<\/strong>&#8230; Qu\u00e9 pensais vosotros?<\/p>\n<p><img decoding=\"async\" src=\"http:\/\/www.bitacine.com\/wp-content\/uploads\/2012\/12\/Los-Vengadores-2.jpg\" alt=\"\" \/><\/p>\n<p>Y hablando de Star Wars&#8230; tal como leemos en <a href=\"https:\/\/www.facebook.com\/SithNet?hc_location=timeline\">diferentes medios<\/a>, los \u00faltimos comentarios apuntan a que <strong>Star Wars VII<\/strong> podr\u00eda contar la historia de alguno de los hijos de <strong>Han Solo<\/strong> y la <strong>princesa\u00a0Leia<\/strong>, todos ellos grandes Jedis o quiz\u00e1 tambi\u00e9n el hijo de <strong>Luke Skywalker, <\/strong>pudiendo contar as\u00ed con los actores de la trilog\u00eda original, ahora casi 40 a\u00f1os mayores que cuando se film\u00f3 la primera pel\u00edcula a mediados de los 70. Aquellos de vosotros que conozc\u00e1is la historia de estos interesantes personajes, tal como se cuenta en el universo expandido de Star Wars (narrados en un gran n\u00famero de c\u00f3mics y novelas que dan continuidad al universo Lucas), seguro que os est\u00e1is frotando las manos&#8230;<\/p>\n<p>Mientras, la lista de posibles nuevos actores a incluir en la lista se vuelve muy apetitosa (\u00a0<strong>Michael Fassbender<\/strong>,\u00a0<strong>Adam Driver,<\/strong>\u00a0<strong>Hugo Weaving o Benedict Cumberbatch<\/strong>). En\u00a0<a href=\"http:\/\/www.uruloki.org\/felipeblog\/cine-de-ciencia-ficcin\/breaking-rumors-debemos-sumar-michael-fassbender-adam-driver-y-hugo-weaving-como-posibles-en-star-wars-episode-vii-los-cambios-de-guin-de-abrams-y-kasdan-apuntan-gran-importancia-pro\">uruloki\u00a0<\/a>ten\u00e9is algo m\u00e1s de informaci\u00f3n.<\/p>\n<p><img decoding=\"async\" src=\"http:\/\/www.granadablogs.com\/pateandoelmundo\/wp-content\/uploads\/2013\/02\/Star-Wars-Episodio-VII.jpg\" alt=\"\" \/><\/p>\n<p><em><strong>Foto:<\/strong> P\u00f3ster no oficial creado por el artista Lyndon Berresford<\/em><\/p>\n<p>Y ya para acabar dos nuevos carteles de <em><strong>Spiderman: El poder de Electro&#8230;<\/strong><\/em><\/p>\n<p><img decoding=\"async\" src=\"http:\/\/www.uruloki.org\/felipeblog\/images2014-1\/20140117-spiderman2-1.jpg\" alt=\"Un nuevo cartel de The Amazing Spider-Man: el poder de Electro\" \/><img decoding=\"async\" src=\"http:\/\/www.uruloki.org\/felipeblog\/images2014-1\/20140117-spiderman2-2.jpg\" alt=\"Un nuevo cartel de The Amazing Spider-Man: el poder de Electro\" \/><\/p>\n","protected":false},"excerpt":{"rendered":"<p>Impresionante, no se me ocurre otra palabra. Acci\u00f3n trepidante y c\u00f3mo ya dijimos en el pasado una est\u00e9tica preciosista y muy particular para esta precuela de aquel otro filme, 300, basado en ese c\u00f3mic del gran Frank Miller. Ya falta poco para el estreno, el pr\u00f3ximo mes de marzo. Nos vemos all\u00ed&#8230; Y m\u00e1s novedades. [&hellip;]<\/p>\n","protected":false},"author":1,"featured_media":1067,"comment_status":"open","ping_status":"open","sticky":false,"template":"","format":"standard","meta":{"_monsterinsights_skip_tracking":false,"_monsterinsights_sitenote_active":false,"_monsterinsights_sitenote_note":"","_monsterinsights_sitenote_category":0,"footnotes":""},"categories":[8],"tags":[10,50],"class_list":["post-1062","post","type-post","status-publish","format-standard","has-post-thumbnail","hentry","category-seriespeliculas","tag-10","tag-frank-miller"],"aioseo_notices":[],"_links":{"self":[{"href":"https:\/\/www.nosolocomics.com\/blog\/wp-json\/wp\/v2\/posts\/1062","targetHints":{"allow":["GET"]}}],"collection":[{"href":"https:\/\/www.nosolocomics.com\/blog\/wp-json\/wp\/v2\/posts"}],"about":[{"href":"https:\/\/www.nosolocomics.com\/blog\/wp-json\/wp\/v2\/types\/post"}],"author":[{"embeddable":true,"href":"https:\/\/www.nosolocomics.com\/blog\/wp-json\/wp\/v2\/users\/1"}],"replies":[{"embeddable":true,"href":"https:\/\/www.nosolocomics.com\/blog\/wp-json\/wp\/v2\/comments?post=1062"}],"version-history":[{"count":4,"href":"https:\/\/www.nosolocomics.com\/blog\/wp-json\/wp\/v2\/posts\/1062\/revisions"}],"predecessor-version":[{"id":23690,"href":"https:\/\/www.nosolocomics.com\/blog\/wp-json\/wp\/v2\/posts\/1062\/revisions\/23690"}],"wp:featuredmedia":[{"embeddable":true,"href":"https:\/\/www.nosolocomics.com\/blog\/wp-json\/wp\/v2\/media\/1067"}],"wp:attachment":[{"href":"https:\/\/www.nosolocomics.com\/blog\/wp-json\/wp\/v2\/media?parent=1062"}],"wp:term":[{"taxonomy":"category","embeddable":true,"href":"https:\/\/www.nosolocomics.com\/blog\/wp-json\/wp\/v2\/categories?post=1062"},{"taxonomy":"post_tag","embeddable":true,"href":"https:\/\/www.nosolocomics.com\/blog\/wp-json\/wp\/v2\/tags?post=1062"}],"curies":[{"name":"wp","href":"https:\/\/api.w.org\/{rel}","templated":true}]}}