{"id":10741,"date":"2015-05-27T17:47:44","date_gmt":"2015-05-27T17:47:44","guid":{"rendered":"http:\/\/nosolocomics.com\/?p=10741"},"modified":"2022-01-02T18:29:30","modified_gmt":"2022-01-02T18:29:30","slug":"valerian-agente-espacio-temporal-sera-adaptada-al-cine","status":"publish","type":"post","link":"https:\/\/www.nosolocomics.com\/blog\/general\/valerian-agente-espacio-temporal-sera-adaptada-al-cine\/","title":{"rendered":"Valerian, agente espacio-temporal ser\u00e1 adaptada al cine!!!!"},"content":{"rendered":"\n\n<div class=\"kk-star-ratings kksr-auto kksr-align-left kksr-valign-top\"\n    data-payload='{&quot;align&quot;:&quot;left&quot;,&quot;id&quot;:&quot;10741&quot;,&quot;slug&quot;:&quot;default&quot;,&quot;valign&quot;:&quot;top&quot;,&quot;ignore&quot;:&quot;&quot;,&quot;reference&quot;:&quot;auto&quot;,&quot;class&quot;:&quot;&quot;,&quot;count&quot;:&quot;0&quot;,&quot;legendonly&quot;:&quot;&quot;,&quot;readonly&quot;:&quot;&quot;,&quot;score&quot;:&quot;0&quot;,&quot;starsonly&quot;:&quot;&quot;,&quot;best&quot;:&quot;5&quot;,&quot;gap&quot;:&quot;5&quot;,&quot;greet&quot;:&quot;Rate this post&quot;,&quot;legend&quot;:&quot;0\\\/5 - (0 votos)&quot;,&quot;size&quot;:&quot;22&quot;,&quot;title&quot;:&quot;Valerian, agente espacio-temporal ser\u00e1 adaptada al cine!!!!&quot;,&quot;width&quot;:&quot;0&quot;,&quot;_legend&quot;:&quot;{score}\\\/{best} - ({count} {votes})&quot;,&quot;font_factor&quot;:&quot;1.25&quot;}'>\n            \n<div class=\"kksr-stars\">\n    \n<div class=\"kksr-stars-inactive\">\n            <div class=\"kksr-star\" data-star=\"1\" style=\"padding-right: 5px\">\n            \n\n<div class=\"kksr-icon\" style=\"width: 22px; height: 22px;\"><\/div>\n        <\/div>\n            <div class=\"kksr-star\" data-star=\"2\" style=\"padding-right: 5px\">\n            \n\n<div class=\"kksr-icon\" style=\"width: 22px; height: 22px;\"><\/div>\n        <\/div>\n            <div class=\"kksr-star\" data-star=\"3\" style=\"padding-right: 5px\">\n            \n\n<div class=\"kksr-icon\" style=\"width: 22px; height: 22px;\"><\/div>\n        <\/div>\n            <div class=\"kksr-star\" data-star=\"4\" style=\"padding-right: 5px\">\n            \n\n<div class=\"kksr-icon\" style=\"width: 22px; height: 22px;\"><\/div>\n        <\/div>\n            <div class=\"kksr-star\" data-star=\"5\" style=\"padding-right: 5px\">\n            \n\n<div class=\"kksr-icon\" style=\"width: 22px; height: 22px;\"><\/div>\n        <\/div>\n    <\/div>\n    \n<div class=\"kksr-stars-active\" style=\"width: 0px;\">\n            <div class=\"kksr-star\" style=\"padding-right: 5px\">\n            \n\n<div class=\"kksr-icon\" style=\"width: 22px; height: 22px;\"><\/div>\n        <\/div>\n            <div class=\"kksr-star\" style=\"padding-right: 5px\">\n            \n\n<div class=\"kksr-icon\" style=\"width: 22px; height: 22px;\"><\/div>\n        <\/div>\n            <div class=\"kksr-star\" style=\"padding-right: 5px\">\n            \n\n<div class=\"kksr-icon\" style=\"width: 22px; height: 22px;\"><\/div>\n        <\/div>\n            <div class=\"kksr-star\" style=\"padding-right: 5px\">\n            \n\n<div class=\"kksr-icon\" style=\"width: 22px; height: 22px;\"><\/div>\n        <\/div>\n            <div class=\"kksr-star\" style=\"padding-right: 5px\">\n            \n\n<div class=\"kksr-icon\" style=\"width: 22px; height: 22px;\"><\/div>\n        <\/div>\n    <\/div>\n<\/div>\n                \n\n<div class=\"kksr-legend\" style=\"font-size: 17.6px;\">\n            <span class=\"kksr-muted\">Rate this post<\/span>\n    <\/div>\n    <\/div>\n<p>Qu\u00e9 bien nos sienta esta noticia. <a href=\"http:\/\/es.wikipedia.org\/wiki\/Val%C3%A9rian_y_Laureline\"><strong>Valerian<\/strong><\/a>, el precursor de la space opera, el verdadero creador del g\u00e9nero, ser\u00e1 llevado al cine por <a href=\"http:\/\/es.wikipedia.org\/wiki\/Luc_Besson\"><strong>Luc Besson<\/strong><\/a>, junto con su inseparable compa\u00f1era Laureline,\u00a0la verdadera hero\u00edna de la saga.<\/p>\n<p><a href=\"http:\/\/nosolocomics.com\/blog\/wp-content\/uploads\/2015\/05\/Valerian.jpg\"><img loading=\"lazy\" decoding=\"async\" class=\"alignnone size-full wp-image-10744\" src=\"http:\/\/nosolocomics.com\/blog\/wp-content\/uploads\/2015\/05\/Valerian.jpg\" alt=\"Valerian\" width=\"1200\" height=\"509\" \/><\/a><\/p>\n<p>Para aquellos de vosotros que no lo conozcais, <strong>Valerian y Laurie<\/strong> es un c\u00f3mic franc\u00e9s, creado en\u00a0el a\u00f1o 1967 por <strong><a href=\"http:\/\/es.wikipedia.org\/wiki\/Pierre_Christin\">Pierre Christin <\/a><\/strong>y <a href=\"http:\/\/es.wikipedia.org\/wiki\/Jean-Claude_M%C3%A9zi%C3%A8res\"><strong>Jean-Claude Mezieres<\/strong> <\/a>y que narra las aventuras de dos agentes del servicio espacio-temporal en un mundo futuro en el que los protagonistas se dedican a viajar por el espacio tiempo para arreglar los desaf\u00edos a los que se enfrenta la raza humada. Historias \u00e9picas, humor, dosis inacabables de imaginaci\u00f3n, mucho antes de la llegada de Star Wars en un mundo muy rico y lleno de matices y aut\u00e9ntica aventura que te transportaba a un universo verdaderamente ilimitado.<\/p>\n<p><a href=\"http:\/\/nosolocomics.com\/blog\/wp-content\/uploads\/2015\/05\/valerian-nave.jpg\"><img loading=\"lazy\" decoding=\"async\" class=\"alignnone size-full wp-image-10743\" src=\"http:\/\/nosolocomics.com\/blog\/wp-content\/uploads\/2015\/05\/valerian-nave.jpg\" alt=\"valerian nave\" width=\"1024\" height=\"768\" \/><\/a><\/p>\n<p>La noticia de esta producci\u00f3n que se basar\u00e1 en el \u00e1lbum de <strong>El Imperio de los Mil Planetas<\/strong> le\u00a0llena de alegr\u00eda a este cronista que puede decir que Valerian fue uno de los primeros contactos con el c\u00f3mic adulto y uno de los que hizo que ya nunca m\u00e1s pudiese abandonar este mundo&#8230;<\/p>\n<p><a href=\"http:\/\/nosolocomics.com\/blog\/wp-content\/uploads\/2015\/05\/valerian-1000-planetas.jpg\"><img loading=\"lazy\" decoding=\"async\" class=\"alignnone size-full wp-image-10742\" src=\"http:\/\/nosolocomics.com\/blog\/wp-content\/uploads\/2015\/05\/valerian-1000-planetas.jpg\" alt=\"valerian 1000 planetas\" width=\"550\" height=\"739\" \/><\/a><\/p>\n","protected":false},"excerpt":{"rendered":"<p>Qu\u00e9 bien nos sienta esta noticia. Valerian, el precursor de la space opera, el verdadero creador del g\u00e9nero, ser\u00e1 llevado al cine por Luc Besson, junto con su inseparable compa\u00f1era Laureline,\u00a0la verdadera hero\u00edna de la saga. Para aquellos de vosotros que no lo conozcais, Valerian y Laurie es un c\u00f3mic franc\u00e9s, creado en\u00a0el a\u00f1o 1967 [&hellip;]<\/p>\n","protected":false},"author":1,"featured_media":10744,"comment_status":"open","ping_status":"open","sticky":false,"template":"","format":"standard","meta":{"_monsterinsights_skip_tracking":false,"_monsterinsights_sitenote_active":false,"_monsterinsights_sitenote_note":"","_monsterinsights_sitenote_category":0,"footnotes":""},"categories":[5],"tags":[119],"class_list":["post-10741","post","type-post","status-publish","format-standard","has-post-thumbnail","hentry","category-general","tag-valerian"],"aioseo_notices":[],"_links":{"self":[{"href":"https:\/\/www.nosolocomics.com\/blog\/wp-json\/wp\/v2\/posts\/10741","targetHints":{"allow":["GET"]}}],"collection":[{"href":"https:\/\/www.nosolocomics.com\/blog\/wp-json\/wp\/v2\/posts"}],"about":[{"href":"https:\/\/www.nosolocomics.com\/blog\/wp-json\/wp\/v2\/types\/post"}],"author":[{"embeddable":true,"href":"https:\/\/www.nosolocomics.com\/blog\/wp-json\/wp\/v2\/users\/1"}],"replies":[{"embeddable":true,"href":"https:\/\/www.nosolocomics.com\/blog\/wp-json\/wp\/v2\/comments?post=10741"}],"version-history":[{"count":6,"href":"https:\/\/www.nosolocomics.com\/blog\/wp-json\/wp\/v2\/posts\/10741\/revisions"}],"predecessor-version":[{"id":22527,"href":"https:\/\/www.nosolocomics.com\/blog\/wp-json\/wp\/v2\/posts\/10741\/revisions\/22527"}],"wp:featuredmedia":[{"embeddable":true,"href":"https:\/\/www.nosolocomics.com\/blog\/wp-json\/"}],"wp:attachment":[{"href":"https:\/\/www.nosolocomics.com\/blog\/wp-json\/wp\/v2\/media?parent=10741"}],"wp:term":[{"taxonomy":"category","embeddable":true,"href":"https:\/\/www.nosolocomics.com\/blog\/wp-json\/wp\/v2\/categories?post=10741"},{"taxonomy":"post_tag","embeddable":true,"href":"https:\/\/www.nosolocomics.com\/blog\/wp-json\/wp\/v2\/tags?post=10741"}],"curies":[{"name":"wp","href":"https:\/\/api.w.org\/{rel}","templated":true}]}}