{"id":10858,"date":"2015-07-17T18:51:00","date_gmt":"2015-07-17T18:51:00","guid":{"rendered":"http:\/\/nosolocomics.com\/?p=10858"},"modified":"2022-01-02T18:29:31","modified_gmt":"2022-01-02T18:29:31","slug":"x-men-apocalypse-avance-de-la-nueva-y-espectacular-secuela","status":"publish","type":"post","link":"https:\/\/www.nosolocomics.com\/blog\/seriespeliculas\/x-men-apocalypse-avance-de-la-nueva-y-espectacular-secuela\/","title":{"rendered":"X-Men: Apocalypse, avance de la nueva y espectacular secuela&#8230;"},"content":{"rendered":"\n\n<div class=\"kk-star-ratings kksr-auto kksr-align-left kksr-valign-top\"\n    data-payload='{&quot;align&quot;:&quot;left&quot;,&quot;id&quot;:&quot;10858&quot;,&quot;slug&quot;:&quot;default&quot;,&quot;valign&quot;:&quot;top&quot;,&quot;ignore&quot;:&quot;&quot;,&quot;reference&quot;:&quot;auto&quot;,&quot;class&quot;:&quot;&quot;,&quot;count&quot;:&quot;0&quot;,&quot;legendonly&quot;:&quot;&quot;,&quot;readonly&quot;:&quot;&quot;,&quot;score&quot;:&quot;0&quot;,&quot;starsonly&quot;:&quot;&quot;,&quot;best&quot;:&quot;5&quot;,&quot;gap&quot;:&quot;5&quot;,&quot;greet&quot;:&quot;Rate this post&quot;,&quot;legend&quot;:&quot;0\\\/5 - (0 votos)&quot;,&quot;size&quot;:&quot;22&quot;,&quot;title&quot;:&quot;X-Men: Apocalypse, avance de la nueva y espectacular secuela...&quot;,&quot;width&quot;:&quot;0&quot;,&quot;_legend&quot;:&quot;{score}\\\/{best} - ({count} {votes})&quot;,&quot;font_factor&quot;:&quot;1.25&quot;}'>\n            \n<div class=\"kksr-stars\">\n    \n<div class=\"kksr-stars-inactive\">\n            <div class=\"kksr-star\" data-star=\"1\" style=\"padding-right: 5px\">\n            \n\n<div class=\"kksr-icon\" style=\"width: 22px; height: 22px;\"><\/div>\n        <\/div>\n            <div class=\"kksr-star\" data-star=\"2\" style=\"padding-right: 5px\">\n            \n\n<div class=\"kksr-icon\" style=\"width: 22px; height: 22px;\"><\/div>\n        <\/div>\n            <div class=\"kksr-star\" data-star=\"3\" style=\"padding-right: 5px\">\n            \n\n<div class=\"kksr-icon\" style=\"width: 22px; height: 22px;\"><\/div>\n        <\/div>\n            <div class=\"kksr-star\" data-star=\"4\" style=\"padding-right: 5px\">\n            \n\n<div class=\"kksr-icon\" style=\"width: 22px; height: 22px;\"><\/div>\n        <\/div>\n            <div class=\"kksr-star\" data-star=\"5\" style=\"padding-right: 5px\">\n            \n\n<div class=\"kksr-icon\" style=\"width: 22px; height: 22px;\"><\/div>\n        <\/div>\n    <\/div>\n    \n<div class=\"kksr-stars-active\" style=\"width: 0px;\">\n            <div class=\"kksr-star\" style=\"padding-right: 5px\">\n            \n\n<div class=\"kksr-icon\" style=\"width: 22px; height: 22px;\"><\/div>\n        <\/div>\n            <div class=\"kksr-star\" style=\"padding-right: 5px\">\n            \n\n<div class=\"kksr-icon\" style=\"width: 22px; height: 22px;\"><\/div>\n        <\/div>\n            <div class=\"kksr-star\" style=\"padding-right: 5px\">\n            \n\n<div class=\"kksr-icon\" style=\"width: 22px; height: 22px;\"><\/div>\n        <\/div>\n            <div class=\"kksr-star\" style=\"padding-right: 5px\">\n            \n\n<div class=\"kksr-icon\" style=\"width: 22px; height: 22px;\"><\/div>\n        <\/div>\n            <div class=\"kksr-star\" style=\"padding-right: 5px\">\n            \n\n<div class=\"kksr-icon\" style=\"width: 22px; height: 22px;\"><\/div>\n        <\/div>\n    <\/div>\n<\/div>\n                \n\n<div class=\"kksr-legend\" style=\"font-size: 17.6px;\">\n            <span class=\"kksr-muted\">Rate this post<\/span>\n    <\/div>\n    <\/div>\n<p>Si ya tuvimos un avance en la Comic Con con el trailer de <strong>X-MEN: Apocalypse<\/strong>, la nueva entrega de la saga X-Men con los j\u00f3venes <strong>Magneto<\/strong> (<a href=\"https:\/\/es.wikipedia.org\/wiki\/Michael_Fassbender\">Michael Fassbender<\/a>) y <strong>Charles Xavier <\/strong><a href=\"https:\/\/es.wikipedia.org\/wiki\/James_McAvoy\">(James McAvoy)<\/a>, esta vez traemos las primeras im\u00e1genes oficiales provenientes de Entertainment Weekly de la nueva entrega de la saga.<\/p>\n<p><a href=\"http:\/\/nosolocomics.com\/blog\/wp-content\/uploads\/2015\/07\/apocalypse1.jpg\"><img loading=\"lazy\" decoding=\"async\" class=\"alignnone size-full wp-image-10859\" src=\"http:\/\/nosolocomics.com\/blog\/wp-content\/uploads\/2015\/07\/apocalypse1.jpg\" alt=\"apocalypse1\" width=\"612\" height=\"816\" \/><\/a> <a href=\"http:\/\/nosolocomics.com\/blog\/wp-content\/uploads\/2015\/07\/apocalypse2.jpg\"><img loading=\"lazy\" decoding=\"async\" class=\"alignnone size-full wp-image-10860\" src=\"http:\/\/nosolocomics.com\/blog\/wp-content\/uploads\/2015\/07\/apocalypse2.jpg\" alt=\"apocalypse2\" width=\"612\" height=\"459\" \/><\/a> <a href=\"http:\/\/nosolocomics.com\/blog\/wp-content\/uploads\/2015\/07\/apocalypse3.jpg\"><img loading=\"lazy\" decoding=\"async\" class=\"alignnone size-full wp-image-10861\" src=\"http:\/\/nosolocomics.com\/blog\/wp-content\/uploads\/2015\/07\/apocalypse3.jpg\" alt=\"apocalypse3\" width=\"612\" height=\"459\" \/><\/a> <a href=\"http:\/\/nosolocomics.com\/blog\/wp-content\/uploads\/2015\/07\/apocalypse4.jpg\"><img loading=\"lazy\" decoding=\"async\" class=\"alignnone size-full wp-image-10862\" src=\"http:\/\/nosolocomics.com\/blog\/wp-content\/uploads\/2015\/07\/apocalypse4.jpg\" alt=\"apocalypse4\" width=\"612\" height=\"459\" \/><\/a> <a href=\"http:\/\/nosolocomics.com\/blog\/wp-content\/uploads\/2015\/07\/apocalypse5.jpg\"><img loading=\"lazy\" decoding=\"async\" class=\"alignnone size-full wp-image-10863\" src=\"http:\/\/nosolocomics.com\/blog\/wp-content\/uploads\/2015\/07\/apocalypse5.jpg\" alt=\"apocalypse5\" width=\"612\" height=\"459\" \/><\/a> <a href=\"http:\/\/nosolocomics.com\/blog\/wp-content\/uploads\/2015\/07\/apocalypse6.jpg\"><img loading=\"lazy\" decoding=\"async\" class=\"alignnone size-full wp-image-10864\" src=\"http:\/\/nosolocomics.com\/blog\/wp-content\/uploads\/2015\/07\/apocalypse6.jpg\" alt=\"apocalypse6\" width=\"612\" height=\"459\" \/><\/a><\/p>\n<p>Le\u00eddo en <a href=\"http:\/\/www.uruloki.org\/felipeblog\/cine-de-cmics\/x-men-apocalypse-primer-espectacular-vistazo-oficial\">uruloki<\/a>.<\/p>\n","protected":false},"excerpt":{"rendered":"<p>Si ya tuvimos un avance en la Comic Con con el trailer de X-MEN: Apocalypse, la nueva entrega de la saga X-Men con los j\u00f3venes Magneto (Michael Fassbender) y Charles Xavier (James McAvoy), esta vez traemos las primeras im\u00e1genes oficiales provenientes de Entertainment Weekly de la nueva entrega de la saga. Le\u00eddo en uruloki.<\/p>\n","protected":false},"author":1,"featured_media":10859,"comment_status":"open","ping_status":"open","sticky":false,"template":"","format":"standard","meta":{"_monsterinsights_skip_tracking":false,"_monsterinsights_sitenote_active":false,"_monsterinsights_sitenote_note":"","_monsterinsights_sitenote_category":0,"footnotes":""},"categories":[8],"tags":[127],"class_list":["post-10858","post","type-post","status-publish","format-standard","has-post-thumbnail","hentry","category-seriespeliculas","tag-x-men"],"aioseo_notices":[],"_links":{"self":[{"href":"https:\/\/www.nosolocomics.com\/blog\/wp-json\/wp\/v2\/posts\/10858","targetHints":{"allow":["GET"]}}],"collection":[{"href":"https:\/\/www.nosolocomics.com\/blog\/wp-json\/wp\/v2\/posts"}],"about":[{"href":"https:\/\/www.nosolocomics.com\/blog\/wp-json\/wp\/v2\/types\/post"}],"author":[{"embeddable":true,"href":"https:\/\/www.nosolocomics.com\/blog\/wp-json\/wp\/v2\/users\/1"}],"replies":[{"embeddable":true,"href":"https:\/\/www.nosolocomics.com\/blog\/wp-json\/wp\/v2\/comments?post=10858"}],"version-history":[{"count":12,"href":"https:\/\/www.nosolocomics.com\/blog\/wp-json\/wp\/v2\/posts\/10858\/revisions"}],"predecessor-version":[{"id":22589,"href":"https:\/\/www.nosolocomics.com\/blog\/wp-json\/wp\/v2\/posts\/10858\/revisions\/22589"}],"wp:featuredmedia":[{"embeddable":true,"href":"https:\/\/www.nosolocomics.com\/blog\/wp-json\/"}],"wp:attachment":[{"href":"https:\/\/www.nosolocomics.com\/blog\/wp-json\/wp\/v2\/media?parent=10858"}],"wp:term":[{"taxonomy":"category","embeddable":true,"href":"https:\/\/www.nosolocomics.com\/blog\/wp-json\/wp\/v2\/categories?post=10858"},{"taxonomy":"post_tag","embeddable":true,"href":"https:\/\/www.nosolocomics.com\/blog\/wp-json\/wp\/v2\/tags?post=10858"}],"curies":[{"name":"wp","href":"https:\/\/api.w.org\/{rel}","templated":true}]}}