{"id":11104,"date":"2015-08-08T17:51:24","date_gmt":"2015-08-08T17:51:24","guid":{"rendered":"http:\/\/nosolocomics.com\/?p=11104"},"modified":"2022-01-02T18:29:32","modified_gmt":"2022-01-02T18:29:32","slug":"ridley-scott-comenzaria-a-rodar-prometheus-2-a-principios-de-2016","status":"publish","type":"post","link":"https:\/\/www.nosolocomics.com\/blog\/seriespeliculas\/ridley-scott-comenzaria-a-rodar-prometheus-2-a-principios-de-2016\/","title":{"rendered":"Ridley Scott comenzar\u00eda a rodar Prometheus 2 a principios de 2016"},"content":{"rendered":"\n\n<div class=\"kk-star-ratings kksr-auto kksr-align-left kksr-valign-top\"\n    data-payload='{&quot;align&quot;:&quot;left&quot;,&quot;id&quot;:&quot;11104&quot;,&quot;slug&quot;:&quot;default&quot;,&quot;valign&quot;:&quot;top&quot;,&quot;ignore&quot;:&quot;&quot;,&quot;reference&quot;:&quot;auto&quot;,&quot;class&quot;:&quot;&quot;,&quot;count&quot;:&quot;0&quot;,&quot;legendonly&quot;:&quot;&quot;,&quot;readonly&quot;:&quot;&quot;,&quot;score&quot;:&quot;0&quot;,&quot;starsonly&quot;:&quot;&quot;,&quot;best&quot;:&quot;5&quot;,&quot;gap&quot;:&quot;5&quot;,&quot;greet&quot;:&quot;Rate this post&quot;,&quot;legend&quot;:&quot;0\\\/5 - (0 votos)&quot;,&quot;size&quot;:&quot;22&quot;,&quot;title&quot;:&quot;Ridley Scott comenzar\u00eda a rodar Prometheus 2 a principios de 2016&quot;,&quot;width&quot;:&quot;0&quot;,&quot;_legend&quot;:&quot;{score}\\\/{best} - ({count} {votes})&quot;,&quot;font_factor&quot;:&quot;1.25&quot;}'>\n            \n<div class=\"kksr-stars\">\n    \n<div class=\"kksr-stars-inactive\">\n            <div class=\"kksr-star\" data-star=\"1\" style=\"padding-right: 5px\">\n            \n\n<div class=\"kksr-icon\" style=\"width: 22px; height: 22px;\"><\/div>\n        <\/div>\n            <div class=\"kksr-star\" data-star=\"2\" style=\"padding-right: 5px\">\n            \n\n<div class=\"kksr-icon\" style=\"width: 22px; height: 22px;\"><\/div>\n        <\/div>\n            <div class=\"kksr-star\" data-star=\"3\" style=\"padding-right: 5px\">\n            \n\n<div class=\"kksr-icon\" style=\"width: 22px; height: 22px;\"><\/div>\n        <\/div>\n            <div class=\"kksr-star\" data-star=\"4\" style=\"padding-right: 5px\">\n            \n\n<div class=\"kksr-icon\" style=\"width: 22px; height: 22px;\"><\/div>\n        <\/div>\n            <div class=\"kksr-star\" data-star=\"5\" style=\"padding-right: 5px\">\n            \n\n<div class=\"kksr-icon\" style=\"width: 22px; height: 22px;\"><\/div>\n        <\/div>\n    <\/div>\n    \n<div class=\"kksr-stars-active\" style=\"width: 0px;\">\n            <div class=\"kksr-star\" style=\"padding-right: 5px\">\n            \n\n<div class=\"kksr-icon\" style=\"width: 22px; height: 22px;\"><\/div>\n        <\/div>\n            <div class=\"kksr-star\" style=\"padding-right: 5px\">\n            \n\n<div class=\"kksr-icon\" style=\"width: 22px; height: 22px;\"><\/div>\n        <\/div>\n            <div class=\"kksr-star\" style=\"padding-right: 5px\">\n            \n\n<div class=\"kksr-icon\" style=\"width: 22px; height: 22px;\"><\/div>\n        <\/div>\n            <div class=\"kksr-star\" style=\"padding-right: 5px\">\n            \n\n<div class=\"kksr-icon\" style=\"width: 22px; height: 22px;\"><\/div>\n        <\/div>\n            <div class=\"kksr-star\" style=\"padding-right: 5px\">\n            \n\n<div class=\"kksr-icon\" style=\"width: 22px; height: 22px;\"><\/div>\n        <\/div>\n    <\/div>\n<\/div>\n                \n\n<div class=\"kksr-legend\" style=\"font-size: 17.6px;\">\n            <span class=\"kksr-muted\">Rate this post<\/span>\n    <\/div>\n    <\/div>\n<p><a href=\"https:\/\/es.wikipedia.org\/wiki\/Ridley_Scott\"><strong>Ridley Scott<\/strong><\/a>, el director de, entre otros <em><strong>Alien:\u00a0El octavo pasajero,<\/strong> <strong>Bladerunner<\/strong> y <strong>Gladiator<\/strong>,<\/em> empezar\u00eda a rodar la segunda parte de Prometheus en enero de 2016, ya con 77 a\u00f1os bien cumplidos.<\/p>\n<p><a href=\"http:\/\/nosolocomics.com\/blog\/wp-content\/uploads\/2015\/08\/Ridley-Scott.jpg\"><img loading=\"lazy\" decoding=\"async\" class=\"alignnone size-full wp-image-11105\" src=\"http:\/\/nosolocomics.com\/blog\/wp-content\/uploads\/2015\/08\/Ridley-Scott.jpg\" alt=\"Ridley Scott\" width=\"620\" height=\"628\" \/><\/a><\/p>\n<p>&nbsp;<\/p>\n<p>La sinopsis oficial:<\/p>\n<p style=\"padding-left: 30px;\"><em>La investigadora Elizabeth Shaw (Noomi Rapace) y el androide David (Michael Fassbender), despu\u00e9s de abandonar el misterioso planeta donde habitaban los \u00abarquitectos\u00bb (y donde se ha desarrollado la raza de los \u00abalien\u00bb), siguen en su recorrido gal\u00e1ctico en busca de respuestas sobre el origen del universo. Despu\u00e9s de los terribles acontecimientos que provocaron que ambos fueran los \u00fanicos dos supervivientes de la expedici\u00f3n, Elizabeth har\u00e1 todo lo posible por seguir investigando las razones por lo que los superhombres que crearon a la raza humana, ahora quieren destruirla.<\/em><\/p>\n<p>Para esta segunda parte, volver\u00e1 a contar con <a href=\"https:\/\/es.wikipedia.org\/wiki\/Michael_Fassbender\"><strong>Michael Fassbender<\/strong> <\/a>como protagonista. En otra entrada ya os contamos sobre lo que sabemos del reboot del Alien original por parte de <strong><a href=\"https:\/\/es.wikipedia.org\/wiki\/Neill_Blomkamp\">Neill Blonkamp<\/a><\/strong>.<\/p>\n<p><a href=\"http:\/\/nosolocomics.com\/blog\/wp-content\/uploads\/2015\/08\/Prometheus2.jpg\"><img loading=\"lazy\" decoding=\"async\" class=\"alignnone size-full wp-image-11106\" src=\"http:\/\/nosolocomics.com\/blog\/wp-content\/uploads\/2015\/08\/Prometheus2.jpg\" alt=\"Prometheus2\" width=\"2000\" height=\"1000\" \/><\/a><\/p>\n","protected":false},"excerpt":{"rendered":"<p>Ridley Scott, el director de, entre otros Alien:\u00a0El octavo pasajero, Bladerunner y Gladiator, empezar\u00eda a rodar la segunda parte de Prometheus en enero de 2016, ya con 77 a\u00f1os bien cumplidos. &nbsp; La sinopsis oficial: La investigadora Elizabeth Shaw (Noomi Rapace) y el androide David (Michael Fassbender), despu\u00e9s de abandonar el misterioso planeta donde habitaban [&hellip;]<\/p>\n","protected":false},"author":1,"featured_media":11106,"comment_status":"open","ping_status":"open","sticky":false,"template":"","format":"standard","meta":{"_monsterinsights_skip_tracking":false,"_monsterinsights_sitenote_active":false,"_monsterinsights_sitenote_note":"","_monsterinsights_sitenote_category":0,"footnotes":""},"categories":[8],"tags":[14,98],"class_list":["post-11104","post","type-post","status-publish","format-standard","has-post-thumbnail","hentry","category-seriespeliculas","tag-alien","tag-ridley-scott"],"aioseo_notices":[],"_links":{"self":[{"href":"https:\/\/www.nosolocomics.com\/blog\/wp-json\/wp\/v2\/posts\/11104","targetHints":{"allow":["GET"]}}],"collection":[{"href":"https:\/\/www.nosolocomics.com\/blog\/wp-json\/wp\/v2\/posts"}],"about":[{"href":"https:\/\/www.nosolocomics.com\/blog\/wp-json\/wp\/v2\/types\/post"}],"author":[{"embeddable":true,"href":"https:\/\/www.nosolocomics.com\/blog\/wp-json\/wp\/v2\/users\/1"}],"replies":[{"embeddable":true,"href":"https:\/\/www.nosolocomics.com\/blog\/wp-json\/wp\/v2\/comments?post=11104"}],"version-history":[{"count":4,"href":"https:\/\/www.nosolocomics.com\/blog\/wp-json\/wp\/v2\/posts\/11104\/revisions"}],"predecessor-version":[{"id":22627,"href":"https:\/\/www.nosolocomics.com\/blog\/wp-json\/wp\/v2\/posts\/11104\/revisions\/22627"}],"wp:featuredmedia":[{"embeddable":true,"href":"https:\/\/www.nosolocomics.com\/blog\/wp-json\/"}],"wp:attachment":[{"href":"https:\/\/www.nosolocomics.com\/blog\/wp-json\/wp\/v2\/media?parent=11104"}],"wp:term":[{"taxonomy":"category","embeddable":true,"href":"https:\/\/www.nosolocomics.com\/blog\/wp-json\/wp\/v2\/categories?post=11104"},{"taxonomy":"post_tag","embeddable":true,"href":"https:\/\/www.nosolocomics.com\/blog\/wp-json\/wp\/v2\/tags?post=11104"}],"curies":[{"name":"wp","href":"https:\/\/api.w.org\/{rel}","templated":true}]}}