{"id":11453,"date":"2015-09-13T13:48:33","date_gmt":"2015-09-13T13:48:33","guid":{"rendered":"http:\/\/nosolocomics.com\/?p=11453"},"modified":"2022-01-02T18:38:58","modified_gmt":"2022-01-02T18:38:58","slug":"despues-del-exito-de-su-primera-temporada-llega-el-trailer-extendido-de-flash","status":"publish","type":"post","link":"https:\/\/www.nosolocomics.com\/blog\/seriespeliculas\/despues-del-exito-de-su-primera-temporada-llega-el-trailer-extendido-de-flash\/","title":{"rendered":"Despu\u00e9s del \u00e9xito de su primera temporada, llega el trailer extendido de Flash!!!"},"content":{"rendered":"\n\n<div class=\"kk-star-ratings kksr-auto kksr-align-left kksr-valign-top\"\n    data-payload='{&quot;align&quot;:&quot;left&quot;,&quot;id&quot;:&quot;11453&quot;,&quot;slug&quot;:&quot;default&quot;,&quot;valign&quot;:&quot;top&quot;,&quot;ignore&quot;:&quot;&quot;,&quot;reference&quot;:&quot;auto&quot;,&quot;class&quot;:&quot;&quot;,&quot;count&quot;:&quot;0&quot;,&quot;legendonly&quot;:&quot;&quot;,&quot;readonly&quot;:&quot;&quot;,&quot;score&quot;:&quot;0&quot;,&quot;starsonly&quot;:&quot;&quot;,&quot;best&quot;:&quot;5&quot;,&quot;gap&quot;:&quot;5&quot;,&quot;greet&quot;:&quot;Rate this post&quot;,&quot;legend&quot;:&quot;0\\\/5 - (0 votos)&quot;,&quot;size&quot;:&quot;22&quot;,&quot;title&quot;:&quot;Despu\u00e9s del \u00e9xito de su primera temporada, llega el trailer extendido de Flash!!!&quot;,&quot;width&quot;:&quot;0&quot;,&quot;_legend&quot;:&quot;{score}\\\/{best} - ({count} {votes})&quot;,&quot;font_factor&quot;:&quot;1.25&quot;}'>\n            \n<div class=\"kksr-stars\">\n    \n<div class=\"kksr-stars-inactive\">\n            <div class=\"kksr-star\" data-star=\"1\" style=\"padding-right: 5px\">\n            \n\n<div class=\"kksr-icon\" style=\"width: 22px; height: 22px;\"><\/div>\n        <\/div>\n            <div class=\"kksr-star\" data-star=\"2\" style=\"padding-right: 5px\">\n            \n\n<div class=\"kksr-icon\" style=\"width: 22px; height: 22px;\"><\/div>\n        <\/div>\n            <div class=\"kksr-star\" data-star=\"3\" style=\"padding-right: 5px\">\n            \n\n<div class=\"kksr-icon\" style=\"width: 22px; height: 22px;\"><\/div>\n        <\/div>\n            <div class=\"kksr-star\" data-star=\"4\" style=\"padding-right: 5px\">\n            \n\n<div class=\"kksr-icon\" style=\"width: 22px; height: 22px;\"><\/div>\n        <\/div>\n            <div class=\"kksr-star\" data-star=\"5\" style=\"padding-right: 5px\">\n            \n\n<div class=\"kksr-icon\" style=\"width: 22px; height: 22px;\"><\/div>\n        <\/div>\n    <\/div>\n    \n<div class=\"kksr-stars-active\" style=\"width: 0px;\">\n            <div class=\"kksr-star\" style=\"padding-right: 5px\">\n            \n\n<div class=\"kksr-icon\" style=\"width: 22px; height: 22px;\"><\/div>\n        <\/div>\n            <div class=\"kksr-star\" style=\"padding-right: 5px\">\n            \n\n<div class=\"kksr-icon\" style=\"width: 22px; height: 22px;\"><\/div>\n        <\/div>\n            <div class=\"kksr-star\" style=\"padding-right: 5px\">\n            \n\n<div class=\"kksr-icon\" style=\"width: 22px; height: 22px;\"><\/div>\n        <\/div>\n            <div class=\"kksr-star\" style=\"padding-right: 5px\">\n            \n\n<div class=\"kksr-icon\" style=\"width: 22px; height: 22px;\"><\/div>\n        <\/div>\n            <div class=\"kksr-star\" style=\"padding-right: 5px\">\n            \n\n<div class=\"kksr-icon\" style=\"width: 22px; height: 22px;\"><\/div>\n        <\/div>\n    <\/div>\n<\/div>\n                \n\n<div class=\"kksr-legend\" style=\"font-size: 17.6px;\">\n            <span class=\"kksr-muted\">Rate this post<\/span>\n    <\/div>\n    <\/div>\n<p><em>The Flash<\/em>\u00a0fue una de las series revelaci\u00f3n de la pasada temporada.\u00a0Creada por <strong><a href=\"https:\/\/es.wikipedia.org\/wiki\/Greg_Berlanti\">Greg Berlanti<\/a>, <a href=\"https:\/\/es.wikipedia.org\/wiki\/Andrew_Kreisberg\">Andrew Kreisberg<\/a><\/strong> y <strong><a href=\"https:\/\/es.wikipedia.org\/wiki\/Geoff_Johns\">Geoff Johns<\/a><\/strong> y producida por\u00a0<em>Warner Bros. Television<\/em> y <em>DC Entertainment <\/em>(con gran parte de los componentes de la tambi\u00e9n aclamada serie <a href=\"https:\/\/es.wikipedia.org\/wiki\/Arrow\"><strong>Arrow<\/strong> <\/a>que ya\u00a0va por su cuarta temporada)<em>, la\u00a0serie\u00a0<\/em>adapta las aventuras de Flash, el superh\u00e9roe de <em>DC Comics<\/em>\u00a0creado\u00a0en 1956 en las p\u00e1ginas por\u00a0<strong><a href=\"https:\/\/en.wikipedia.org\/wiki\/Robert_Kanigher\">Robert Kanigher<\/a>, <a href=\"https:\/\/en.wikipedia.org\/wiki\/John_Broome_(writer)\">John Broome<\/a><\/strong> y <strong><a href=\"https:\/\/es.wikipedia.org\/wiki\/Carmine_Infantino\">Carmine Infantino<\/a>.<\/strong><\/p>\n<p><a href=\"http:\/\/nosolocomics.com\/blog\/wp-content\/uploads\/2015\/09\/Flash2.jpg\"><img loading=\"lazy\" decoding=\"async\" class=\"alignnone size-full wp-image-11454\" src=\"http:\/\/nosolocomics.com\/blog\/wp-content\/uploads\/2015\/09\/Flash2.jpg\" alt=\"Flash2\" width=\"600\" height=\"315\" \/><\/a><\/p>\n<p>En el argumento, el polic\u00eda cient\u00edfico <strong>Barry Allen<\/strong> es alcanzado por un rayo en un lugar repleto de agentes qu\u00edmicos lo que le confiere unos asombrosos poderes que lo convierten en el hombre m\u00e1s r\u00e1pido del planeta. A partir de aqu\u00ed utiliza sus poderes para convertirse en el\u00a0h\u00e9roe de <strong><a href=\"https:\/\/es.wikipedia.org\/wiki\/Ciudad_Central\">Central City<\/a><\/strong>.<\/p>\n<p>&nbsp;<\/p>\n<p><a href=\"https:\/\/youtu.be\/uVOR9D8FRbQ\">https:\/\/youtu.be\/uVOR9D8FRbQ<\/a><\/p>\n<p>Le\u00eddo en <a href=\"http:\/\/www.zonanegativa.com\/znseries-trailer-extendido-de-la-segunda-temporada-de-the-flash\/\">zonanegativa<\/a><\/p>\n","protected":false},"excerpt":{"rendered":"<p>The Flash\u00a0fue una de las series revelaci\u00f3n de la pasada temporada.\u00a0Creada por Greg Berlanti, Andrew Kreisberg y Geoff Johns y producida por\u00a0Warner Bros. Television y DC Entertainment (con gran parte de los componentes de la tambi\u00e9n aclamada serie Arrow que ya\u00a0va por su cuarta temporada), la\u00a0serie\u00a0adapta las aventuras de Flash, el superh\u00e9roe de DC Comics\u00a0creado\u00a0en [&hellip;]<\/p>\n","protected":false},"author":1,"featured_media":11454,"comment_status":"open","ping_status":"open","sticky":false,"template":"","format":"standard","meta":{"_monsterinsights_skip_tracking":false,"_monsterinsights_sitenote_active":false,"_monsterinsights_sitenote_note":"","_monsterinsights_sitenote_category":0,"footnotes":""},"categories":[8],"tags":[35,49],"class_list":["post-11453","post","type-post","status-publish","format-standard","has-post-thumbnail","hentry","category-seriespeliculas","tag-dc-comics","tag-flash"],"aioseo_notices":[],"_links":{"self":[{"href":"https:\/\/www.nosolocomics.com\/blog\/wp-json\/wp\/v2\/posts\/11453","targetHints":{"allow":["GET"]}}],"collection":[{"href":"https:\/\/www.nosolocomics.com\/blog\/wp-json\/wp\/v2\/posts"}],"about":[{"href":"https:\/\/www.nosolocomics.com\/blog\/wp-json\/wp\/v2\/types\/post"}],"author":[{"embeddable":true,"href":"https:\/\/www.nosolocomics.com\/blog\/wp-json\/wp\/v2\/users\/1"}],"replies":[{"embeddable":true,"href":"https:\/\/www.nosolocomics.com\/blog\/wp-json\/wp\/v2\/comments?post=11453"}],"version-history":[{"count":2,"href":"https:\/\/www.nosolocomics.com\/blog\/wp-json\/wp\/v2\/posts\/11453\/revisions"}],"predecessor-version":[{"id":23224,"href":"https:\/\/www.nosolocomics.com\/blog\/wp-json\/wp\/v2\/posts\/11453\/revisions\/23224"}],"wp:featuredmedia":[{"embeddable":true,"href":"https:\/\/www.nosolocomics.com\/blog\/wp-json\/"}],"wp:attachment":[{"href":"https:\/\/www.nosolocomics.com\/blog\/wp-json\/wp\/v2\/media?parent=11453"}],"wp:term":[{"taxonomy":"category","embeddable":true,"href":"https:\/\/www.nosolocomics.com\/blog\/wp-json\/wp\/v2\/categories?post=11453"},{"taxonomy":"post_tag","embeddable":true,"href":"https:\/\/www.nosolocomics.com\/blog\/wp-json\/wp\/v2\/tags?post=11453"}],"curies":[{"name":"wp","href":"https:\/\/api.w.org\/{rel}","templated":true}]}}