{"id":11745,"date":"2015-10-28T18:00:57","date_gmt":"2015-10-28T18:00:57","guid":{"rendered":"http:\/\/nosolocomics.com\/?p=11745"},"modified":"2022-01-02T18:39:02","modified_gmt":"2022-01-02T18:39:02","slug":"ant-man-tendra-secuela-con-ant-man-y-la-mujer-avispa","status":"publish","type":"post","link":"https:\/\/www.nosolocomics.com\/blog\/seriespeliculas\/ant-man-tendra-secuela-con-ant-man-y-la-mujer-avispa\/","title":{"rendered":"Ant-Man tendr\u00e1 secuela con Ant-Man y la Mujer Avispa&#8230;"},"content":{"rendered":"\n\n<div class=\"kk-star-ratings kksr-auto kksr-align-left kksr-valign-top\"\n    data-payload='{&quot;align&quot;:&quot;left&quot;,&quot;id&quot;:&quot;11745&quot;,&quot;slug&quot;:&quot;default&quot;,&quot;valign&quot;:&quot;top&quot;,&quot;ignore&quot;:&quot;&quot;,&quot;reference&quot;:&quot;auto&quot;,&quot;class&quot;:&quot;&quot;,&quot;count&quot;:&quot;0&quot;,&quot;legendonly&quot;:&quot;&quot;,&quot;readonly&quot;:&quot;&quot;,&quot;score&quot;:&quot;0&quot;,&quot;starsonly&quot;:&quot;&quot;,&quot;best&quot;:&quot;5&quot;,&quot;gap&quot;:&quot;5&quot;,&quot;greet&quot;:&quot;Rate this post&quot;,&quot;legend&quot;:&quot;0\\\/5 - (0 votos)&quot;,&quot;size&quot;:&quot;22&quot;,&quot;title&quot;:&quot;Ant-Man tendr\u00e1 secuela con Ant-Man y la Mujer Avispa...&quot;,&quot;width&quot;:&quot;0&quot;,&quot;_legend&quot;:&quot;{score}\\\/{best} - ({count} {votes})&quot;,&quot;font_factor&quot;:&quot;1.25&quot;}'>\n            \n<div class=\"kksr-stars\">\n    \n<div class=\"kksr-stars-inactive\">\n            <div class=\"kksr-star\" data-star=\"1\" style=\"padding-right: 5px\">\n            \n\n<div class=\"kksr-icon\" style=\"width: 22px; height: 22px;\"><\/div>\n        <\/div>\n            <div class=\"kksr-star\" data-star=\"2\" style=\"padding-right: 5px\">\n            \n\n<div class=\"kksr-icon\" style=\"width: 22px; height: 22px;\"><\/div>\n        <\/div>\n            <div class=\"kksr-star\" data-star=\"3\" style=\"padding-right: 5px\">\n            \n\n<div class=\"kksr-icon\" style=\"width: 22px; height: 22px;\"><\/div>\n        <\/div>\n            <div class=\"kksr-star\" data-star=\"4\" style=\"padding-right: 5px\">\n            \n\n<div class=\"kksr-icon\" style=\"width: 22px; height: 22px;\"><\/div>\n        <\/div>\n            <div class=\"kksr-star\" data-star=\"5\" style=\"padding-right: 5px\">\n            \n\n<div class=\"kksr-icon\" style=\"width: 22px; height: 22px;\"><\/div>\n        <\/div>\n    <\/div>\n    \n<div class=\"kksr-stars-active\" style=\"width: 0px;\">\n            <div class=\"kksr-star\" style=\"padding-right: 5px\">\n            \n\n<div class=\"kksr-icon\" style=\"width: 22px; height: 22px;\"><\/div>\n        <\/div>\n            <div class=\"kksr-star\" style=\"padding-right: 5px\">\n            \n\n<div class=\"kksr-icon\" style=\"width: 22px; height: 22px;\"><\/div>\n        <\/div>\n            <div class=\"kksr-star\" style=\"padding-right: 5px\">\n            \n\n<div class=\"kksr-icon\" style=\"width: 22px; height: 22px;\"><\/div>\n        <\/div>\n            <div class=\"kksr-star\" style=\"padding-right: 5px\">\n            \n\n<div class=\"kksr-icon\" style=\"width: 22px; height: 22px;\"><\/div>\n        <\/div>\n            <div class=\"kksr-star\" style=\"padding-right: 5px\">\n            \n\n<div class=\"kksr-icon\" style=\"width: 22px; height: 22px;\"><\/div>\n        <\/div>\n    <\/div>\n<\/div>\n                \n\n<div class=\"kksr-legend\" style=\"font-size: 17.6px;\">\n            <span class=\"kksr-muted\">Rate this post<\/span>\n    <\/div>\n    <\/div>\n<p>Despu\u00e9s del inesperado \u00e9xito de <strong>Ant-Man<\/strong> (409 millones de d\u00f3lares de recaudaci\u00f3n), pel\u00edcula por la que nadie daba un duro y que contaba con\u00a0<a class=\"fl ellip _Wqb\" title=\"Paul Rudd (Hombre Hormiga)\" href=\"https:\/\/www.google.es\/search?es_sm=93&amp;q=paul+rudd&amp;stick=H4sIAAAAAAAAAONgFuLUz9U3SEpKLipUAjONjcotMrR4fPPLMlND8h2TS_KLAK5LwZUmAAAA&amp;sa=X&amp;ved=0CMABEMQNMCBqFQoTCIDj97mc4cgCFcFcGgodA74ILQ\">Paul Rudd<\/a>,\u00a0<a class=\"fl ellip _Wqb\" title=\"Evangeline Lilly (Hope Van Dyne)\" href=\"https:\/\/www.google.es\/search?es_sm=93&amp;biw=1920&amp;bih=909&amp;q=evangeline+lilly&amp;stick=H4sIAAAAAAAAAONgFuLUz9U3SEpKLipUAjON48uz4rV4fPPLMlND8h2TS_KLANkP_pkmAAAA&amp;sa=X&amp;sqi=2&amp;ved=0CMIBEMQNMCBqFQoTCPHLqNWc4cgCFUcuGgodZUwL1A\">Evangeline Lilly<\/a>\u00a0y\u00a0<a class=\"fl ellip _Wqb\" title=\"Michael Douglas (Henry Pym)\" href=\"https:\/\/www.google.es\/search?es_sm=93&amp;biw=1920&amp;bih=909&amp;q=michael+douglas&amp;stick=H4sIAAAAAAAAAONgFuLUz9U3SEpKLipU4gAxs7PSc7R4fPPLMlND8h2TS_KLADrdj9klAAAA&amp;sa=X&amp;sqi=2&amp;ved=0CMUBEMQNMCBqFQoTCPHLqNWc4cgCFUcuGgodZUwL1A\">Michael Douglas<\/a>\u00a0como protagonistas, Marvel ha anunciado una segunda parte donde la Avispa, tomar\u00e1 protagonismo. Se estrenar\u00e1 el 6 de julio de 2018 y nos mostrar\u00e1 las aventuras de la compa\u00f1era del Hombre Hormiga original ahora encarnada en la hija de ambos.<\/p>\n<p>Mientras, <strong>Marvel<\/strong> ha modificado el calendario de <strong>Black Panther<\/strong> y <strong>Capit\u00e1n Marvel<\/strong>, que pasar\u00e1n a estrenarse el 16 de febrero de 2018 y 3\u00a0de noviembre\u00a0de 2019 respectivamente.<\/p>\n<p><a href=\"http:\/\/nosolocomics.com\/blog\/wp-content\/uploads\/2015\/10\/avisa2.jpg\"><img loading=\"lazy\" decoding=\"async\" class=\"alignnone size-full wp-image-11746\" src=\"http:\/\/nosolocomics.com\/blog\/wp-content\/uploads\/2015\/10\/avisa2.jpg\" alt=\"avisa2\" width=\"600\" height=\"338\" \/><\/a> <a href=\"http:\/\/nosolocomics.com\/blog\/wp-content\/uploads\/2015\/10\/avispa.jpg\"><img loading=\"lazy\" decoding=\"async\" class=\"alignnone size-full wp-image-11747\" src=\"http:\/\/nosolocomics.com\/blog\/wp-content\/uploads\/2015\/10\/avispa.jpg\" alt=\"avispa\" width=\"720\" height=\"441\" \/><\/a><\/p>\n","protected":false},"excerpt":{"rendered":"<p>Despu\u00e9s del inesperado \u00e9xito de Ant-Man (409 millones de d\u00f3lares de recaudaci\u00f3n), pel\u00edcula por la que nadie daba un duro y que contaba con\u00a0Paul Rudd,\u00a0Evangeline Lilly\u00a0y\u00a0Michael Douglas\u00a0como protagonistas, Marvel ha anunciado una segunda parte donde la Avispa, tomar\u00e1 protagonismo. Se estrenar\u00e1 el 6 de julio de 2018 y nos mostrar\u00e1 las aventuras de la compa\u00f1era [&hellip;]<\/p>\n","protected":false},"author":1,"featured_media":11746,"comment_status":"open","ping_status":"open","sticky":false,"template":"","format":"standard","meta":{"_monsterinsights_skip_tracking":false,"_monsterinsights_sitenote_active":false,"_monsterinsights_sitenote_note":"","_monsterinsights_sitenote_category":0,"footnotes":""},"categories":[8],"tags":[83],"class_list":["post-11745","post","type-post","status-publish","format-standard","has-post-thumbnail","hentry","category-seriespeliculas","tag-marvel"],"aioseo_notices":[],"_links":{"self":[{"href":"https:\/\/www.nosolocomics.com\/blog\/wp-json\/wp\/v2\/posts\/11745","targetHints":{"allow":["GET"]}}],"collection":[{"href":"https:\/\/www.nosolocomics.com\/blog\/wp-json\/wp\/v2\/posts"}],"about":[{"href":"https:\/\/www.nosolocomics.com\/blog\/wp-json\/wp\/v2\/types\/post"}],"author":[{"embeddable":true,"href":"https:\/\/www.nosolocomics.com\/blog\/wp-json\/wp\/v2\/users\/1"}],"replies":[{"embeddable":true,"href":"https:\/\/www.nosolocomics.com\/blog\/wp-json\/wp\/v2\/comments?post=11745"}],"version-history":[{"count":4,"href":"https:\/\/www.nosolocomics.com\/blog\/wp-json\/wp\/v2\/posts\/11745\/revisions"}],"predecessor-version":[{"id":23365,"href":"https:\/\/www.nosolocomics.com\/blog\/wp-json\/wp\/v2\/posts\/11745\/revisions\/23365"}],"wp:featuredmedia":[{"embeddable":true,"href":"https:\/\/www.nosolocomics.com\/blog\/wp-json\/"}],"wp:attachment":[{"href":"https:\/\/www.nosolocomics.com\/blog\/wp-json\/wp\/v2\/media?parent=11745"}],"wp:term":[{"taxonomy":"category","embeddable":true,"href":"https:\/\/www.nosolocomics.com\/blog\/wp-json\/wp\/v2\/categories?post=11745"},{"taxonomy":"post_tag","embeddable":true,"href":"https:\/\/www.nosolocomics.com\/blog\/wp-json\/wp\/v2\/tags?post=11745"}],"curies":[{"name":"wp","href":"https:\/\/api.w.org\/{rel}","templated":true}]}}