{"id":118,"date":"2013-10-31T01:19:24","date_gmt":"2013-10-31T01:19:24","guid":{"rendered":"http:\/\/nosolocomics.com\/?p=118"},"modified":"2022-09-11T17:44:23","modified_gmt":"2022-09-11T17:44:23","slug":"salon-del-manga-en-barcelona","status":"publish","type":"post","link":"https:\/\/www.nosolocomics.com\/blog\/comics\/salon-del-manga-en-barcelona\/","title":{"rendered":"XIX Sal\u00f3n del Manga de Barcelona"},"content":{"rendered":"\n\n<div class=\"kk-star-ratings kksr-auto kksr-align-left kksr-valign-top\"\n    data-payload='{&quot;align&quot;:&quot;left&quot;,&quot;id&quot;:&quot;118&quot;,&quot;slug&quot;:&quot;default&quot;,&quot;valign&quot;:&quot;top&quot;,&quot;ignore&quot;:&quot;&quot;,&quot;reference&quot;:&quot;auto&quot;,&quot;class&quot;:&quot;&quot;,&quot;count&quot;:&quot;0&quot;,&quot;legendonly&quot;:&quot;&quot;,&quot;readonly&quot;:&quot;&quot;,&quot;score&quot;:&quot;0&quot;,&quot;starsonly&quot;:&quot;&quot;,&quot;best&quot;:&quot;5&quot;,&quot;gap&quot;:&quot;5&quot;,&quot;greet&quot;:&quot;Rate this post&quot;,&quot;legend&quot;:&quot;0\\\/5 - (0 votos)&quot;,&quot;size&quot;:&quot;22&quot;,&quot;title&quot;:&quot;XIX Sal\u00f3n del Manga de Barcelona&quot;,&quot;width&quot;:&quot;0&quot;,&quot;_legend&quot;:&quot;{score}\\\/{best} - ({count} {votes})&quot;,&quot;font_factor&quot;:&quot;1.25&quot;}'>\n            \n<div class=\"kksr-stars\">\n    \n<div class=\"kksr-stars-inactive\">\n            <div class=\"kksr-star\" data-star=\"1\" style=\"padding-right: 5px\">\n            \n\n<div class=\"kksr-icon\" style=\"width: 22px; height: 22px;\"><\/div>\n        <\/div>\n            <div class=\"kksr-star\" data-star=\"2\" style=\"padding-right: 5px\">\n            \n\n<div class=\"kksr-icon\" style=\"width: 22px; height: 22px;\"><\/div>\n        <\/div>\n            <div class=\"kksr-star\" data-star=\"3\" style=\"padding-right: 5px\">\n            \n\n<div class=\"kksr-icon\" style=\"width: 22px; height: 22px;\"><\/div>\n        <\/div>\n            <div class=\"kksr-star\" data-star=\"4\" style=\"padding-right: 5px\">\n            \n\n<div class=\"kksr-icon\" style=\"width: 22px; height: 22px;\"><\/div>\n        <\/div>\n            <div class=\"kksr-star\" data-star=\"5\" style=\"padding-right: 5px\">\n            \n\n<div class=\"kksr-icon\" style=\"width: 22px; height: 22px;\"><\/div>\n        <\/div>\n    <\/div>\n    \n<div class=\"kksr-stars-active\" style=\"width: 0px;\">\n            <div class=\"kksr-star\" style=\"padding-right: 5px\">\n            \n\n<div class=\"kksr-icon\" style=\"width: 22px; height: 22px;\"><\/div>\n        <\/div>\n            <div class=\"kksr-star\" style=\"padding-right: 5px\">\n            \n\n<div class=\"kksr-icon\" style=\"width: 22px; height: 22px;\"><\/div>\n        <\/div>\n            <div class=\"kksr-star\" style=\"padding-right: 5px\">\n            \n\n<div class=\"kksr-icon\" style=\"width: 22px; height: 22px;\"><\/div>\n        <\/div>\n            <div class=\"kksr-star\" style=\"padding-right: 5px\">\n            \n\n<div class=\"kksr-icon\" style=\"width: 22px; height: 22px;\"><\/div>\n        <\/div>\n            <div class=\"kksr-star\" style=\"padding-right: 5px\">\n            \n\n<div class=\"kksr-icon\" style=\"width: 22px; height: 22px;\"><\/div>\n        <\/div>\n    <\/div>\n<\/div>\n                \n\n<div class=\"kksr-legend\" style=\"font-size: 17.6px;\">\n            <span class=\"kksr-muted\">Rate this post<\/span>\n    <\/div>\n    <\/div>\n<p>&nbsp;<\/p>\n<p>Ma\u00f1ana vuelve el Sal\u00f3n del Manga de Barcelona en su XIX Edici\u00f3n (y ya van unas cuantas). As\u00ed, Barcelona confirma la apuesta que hace por el manga y el c\u00f3mic en general (recordemos que el sal\u00f3n del c\u00f3mic ya va por su 31 edici\u00f3n). El sal\u00f3n se inicia ma\u00f1ana jueves 31 de octubre y dura hasta el domingo 3 de noviembre, teniendo en lugar en el recinto de la Feria de Barcelona de la plaza Espa\u00f1a (recintos 1 y 2).<\/p>\n<p>En \u00e9l podr\u00e9is encontrar un gran n\u00famero de expositores que pondr\u00e1n a la venta tanto las \u00faltimas novedades como material de segunda mano\u00a0muy interesante. Adem\u00e1s, la organizaci\u00f3n ha programado\u00a0diversas\u00a0actividades\u00a0durante todo el fin de semana con firma de autores, talleres de manga o exhibiciones de diferentes artes marciales. Promete ser interesante. No olvidemos tampoco las\u00a0proyecciones programadas.<\/p>\n<p>Por mi parte, no soy un gran entendido del mundo del manga, pero s\u00ed que tengo mis favoritos, b\u00e1sicamente Akira o Capit\u00e1n Harlock pero en cualquier caso,\u00a0iremos por all\u00ed a ver qu\u00e9 se cuece por all\u00ed y ya os contar\u00e9&#8230;<\/p>\n<p>Por si os interesa, aqu\u00ed pod\u00e9is adquirir el c\u00f3mic Akira completo, con los 6 tomos de que consta la colecci\u00f3n y sus casi 2.500 p\u00e1ginas de acci\u00f3n y fantas\u00eda delirante, una obra maestra s\u00ed se\u00f1or.<\/p>\n<ul>\n<li style=\"display: inline;\"><iframe loading=\"lazy\" style=\"width: 120px; height: 240px;\" src=\"http:\/\/rcm-eu.amazon-adsystem.com\/e\/cm?t=nosolocomic06-21&amp;o=30&amp;p=8&amp;l=as1&amp;asins=8467908521&amp;ref=qf_sp_asin_til&amp;fc1=000000&amp;IS2=1&amp;lt1=_blank&amp;m=amazon&amp;lc1=0000FF&amp;bc1=FFFFFF&amp;bg1=FFFFFF&amp;f=ifr\" height=\"240\" width=\"320\" frameborder=\"0\" marginwidth=\"0\" marginheight=\"0\" scrolling=\"no\"><\/iframe><\/li>\n<\/ul>\n<p>O tambi\u00e9n los 6 tomos por separado<\/p>\n<ul>\n<li style=\"display: inline;\"><iframe loading=\"lazy\" style=\"width: 120px; height: 240px;\" src=\"http:\/\/rcm-eu.amazon-adsystem.com\/e\/cm?t=nosolocomic06-21&amp;o=30&amp;p=8&amp;l=as1&amp;asins=8498143594&amp;ref=qf_sp_asin_til&amp;fc1=000000&amp;IS2=1&amp;lt1=_blank&amp;m=amazon&amp;lc1=0000FF&amp;bc1=FFFFFF&amp;bg1=FFFFFF&amp;f=ifr\" height=\"240\" width=\"320\" frameborder=\"0\" marginwidth=\"0\" marginheight=\"0\" scrolling=\"no\"><\/iframe><\/li>\n<li style=\"display: inline;\"><iframe loading=\"lazy\" style=\"width: 120px; height: 240px;\" src=\"http:\/\/rcm-eu.amazon-adsystem.com\/e\/cm?t=nosolocomic06-21&amp;o=30&amp;p=8&amp;l=as1&amp;asins=8498144167&amp;ref=qf_sp_asin_til&amp;fc1=000000&amp;IS2=1&amp;lt1=_blank&amp;m=amazon&amp;lc1=0000FF&amp;bc1=FFFFFF&amp;bg1=FFFFFF&amp;f=ifr\" height=\"240\" width=\"320\" frameborder=\"0\" marginwidth=\"0\" marginheight=\"0\" scrolling=\"no\"><\/iframe><\/li>\n<li style=\"display: inline;\"><iframe loading=\"lazy\" style=\"width: 120px; height: 240px;\" src=\"http:\/\/rcm-eu.amazon-adsystem.com\/e\/cm?t=nosolocomic06-21&amp;o=30&amp;p=8&amp;l=as1&amp;asins=8498144175&amp;ref=qf_sp_asin_til&amp;fc1=000000&amp;IS2=1&amp;lt1=_blank&amp;m=amazon&amp;lc1=0000FF&amp;bc1=FFFFFF&amp;bg1=FFFFFF&amp;f=ifr\" height=\"240\" width=\"320\" frameborder=\"0\" marginwidth=\"0\" marginheight=\"0\" scrolling=\"no\"><\/iframe><\/li>\n<li style=\"display: inline;\"><iframe loading=\"lazy\" style=\"width: 120px; height: 240px;\" src=\"http:\/\/rcm-eu.amazon-adsystem.com\/e\/cm?t=nosolocomic06-21&amp;o=30&amp;p=8&amp;l=as1&amp;asins=8498144183&amp;ref=qf_sp_asin_til&amp;fc1=000000&amp;IS2=1&amp;lt1=_blank&amp;m=amazon&amp;lc1=0000FF&amp;bc1=FFFFFF&amp;bg1=FFFFFF&amp;f=ifr\" height=\"240\" width=\"320\" frameborder=\"0\" marginwidth=\"0\" marginheight=\"0\" scrolling=\"no\"><\/iframe><\/li>\n<li style=\"display: inline;\"><iframe loading=\"lazy\" style=\"width: 120px; height: 240px;\" src=\"http:\/\/rcm-eu.amazon-adsystem.com\/e\/cm?t=nosolocomic06-21&amp;o=30&amp;p=8&amp;l=as1&amp;asins=8498144191&amp;ref=qf_sp_asin_til&amp;fc1=000000&amp;IS2=1&amp;lt1=_blank&amp;m=amazon&amp;lc1=0000FF&amp;bc1=FFFFFF&amp;bg1=FFFFFF&amp;f=ifr\" height=\"240\" width=\"320\" frameborder=\"0\" marginwidth=\"0\" marginheight=\"0\" scrolling=\"no\"><\/iframe><\/li>\n<li style=\"display: inline;\"><iframe loading=\"lazy\" style=\"width: 120px; height: 240px;\" src=\"http:\/\/rcm-eu.amazon-adsystem.com\/e\/cm?t=nosolocomic06-21&amp;o=30&amp;p=8&amp;l=as1&amp;asins=8498144205&amp;ref=qf_sp_asin_til&amp;fc1=000000&amp;IS2=1&amp;lt1=_blank&amp;m=amazon&amp;lc1=0000FF&amp;bc1=FFFFFF&amp;bg1=FFFFFF&amp;f=ifr\" height=\"240\" width=\"320\" frameborder=\"0\" marginwidth=\"0\" marginheight=\"0\" scrolling=\"no\"><\/iframe><\/li>\n<\/ul>\n","protected":false},"excerpt":{"rendered":"<p>&nbsp; Ma\u00f1ana vuelve el Sal\u00f3n del Manga de Barcelona en su XIX Edici\u00f3n (y ya van unas cuantas). As\u00ed, Barcelona confirma la apuesta que hace por el manga y el c\u00f3mic en general (recordemos que el sal\u00f3n del c\u00f3mic ya va por su 31 edici\u00f3n). El sal\u00f3n se inicia ma\u00f1ana jueves 31 de octubre y [&hellip;]<\/p>\n","protected":false},"author":1,"featured_media":119,"comment_status":"open","ping_status":"open","sticky":false,"template":"","format":"standard","meta":{"_monsterinsights_skip_tracking":false,"_monsterinsights_sitenote_active":false,"_monsterinsights_sitenote_note":"","_monsterinsights_sitenote_category":0,"footnotes":""},"categories":[3],"tags":[11,82],"class_list":["post-118","post","type-post","status-publish","format-standard","has-post-thumbnail","hentry","category-comics","tag-akira","tag-manga"],"aioseo_notices":[],"_links":{"self":[{"href":"https:\/\/www.nosolocomics.com\/blog\/wp-json\/wp\/v2\/posts\/118","targetHints":{"allow":["GET"]}}],"collection":[{"href":"https:\/\/www.nosolocomics.com\/blog\/wp-json\/wp\/v2\/posts"}],"about":[{"href":"https:\/\/www.nosolocomics.com\/blog\/wp-json\/wp\/v2\/types\/post"}],"author":[{"embeddable":true,"href":"https:\/\/www.nosolocomics.com\/blog\/wp-json\/wp\/v2\/users\/1"}],"replies":[{"embeddable":true,"href":"https:\/\/www.nosolocomics.com\/blog\/wp-json\/wp\/v2\/comments?post=118"}],"version-history":[{"count":3,"href":"https:\/\/www.nosolocomics.com\/blog\/wp-json\/wp\/v2\/posts\/118\/revisions"}],"predecessor-version":[{"id":23608,"href":"https:\/\/www.nosolocomics.com\/blog\/wp-json\/wp\/v2\/posts\/118\/revisions\/23608"}],"wp:featuredmedia":[{"embeddable":true,"href":"https:\/\/www.nosolocomics.com\/blog\/wp-json\/wp\/v2\/media\/119"}],"wp:attachment":[{"href":"https:\/\/www.nosolocomics.com\/blog\/wp-json\/wp\/v2\/media?parent=118"}],"wp:term":[{"taxonomy":"category","embeddable":true,"href":"https:\/\/www.nosolocomics.com\/blog\/wp-json\/wp\/v2\/categories?post=118"},{"taxonomy":"post_tag","embeddable":true,"href":"https:\/\/www.nosolocomics.com\/blog\/wp-json\/wp\/v2\/tags?post=118"}],"curies":[{"name":"wp","href":"https:\/\/api.w.org\/{rel}","templated":true}]}}