{"id":11800,"date":"2015-11-05T18:00:06","date_gmt":"2015-11-05T18:00:06","guid":{"rendered":"http:\/\/nosolocomics.com\/?p=11800"},"modified":"2022-09-11T17:43:37","modified_gmt":"2022-09-11T17:43:37","slug":"noticion-star-trek-volvera-a-la-television","status":"publish","type":"post","link":"https:\/\/www.nosolocomics.com\/blog\/seriespeliculas\/noticion-star-trek-volvera-a-la-television\/","title":{"rendered":"Notici\u00f3n&#8230; Star Trek volver\u00e1 a la televisi\u00f3n&#8230;"},"content":{"rendered":"\n\n<div class=\"kk-star-ratings kksr-auto kksr-align-left kksr-valign-top\"\n    data-payload='{&quot;align&quot;:&quot;left&quot;,&quot;id&quot;:&quot;11800&quot;,&quot;slug&quot;:&quot;default&quot;,&quot;valign&quot;:&quot;top&quot;,&quot;ignore&quot;:&quot;&quot;,&quot;reference&quot;:&quot;auto&quot;,&quot;class&quot;:&quot;&quot;,&quot;count&quot;:&quot;0&quot;,&quot;legendonly&quot;:&quot;&quot;,&quot;readonly&quot;:&quot;&quot;,&quot;score&quot;:&quot;0&quot;,&quot;starsonly&quot;:&quot;&quot;,&quot;best&quot;:&quot;5&quot;,&quot;gap&quot;:&quot;5&quot;,&quot;greet&quot;:&quot;Rate this post&quot;,&quot;legend&quot;:&quot;0\\\/5 - (0 votos)&quot;,&quot;size&quot;:&quot;22&quot;,&quot;title&quot;:&quot;Notici\u00f3n... Star Trek volver\u00e1 a la televisi\u00f3n...&quot;,&quot;width&quot;:&quot;0&quot;,&quot;_legend&quot;:&quot;{score}\\\/{best} - ({count} {votes})&quot;,&quot;font_factor&quot;:&quot;1.25&quot;}'>\n            \n<div class=\"kksr-stars\">\n    \n<div class=\"kksr-stars-inactive\">\n            <div class=\"kksr-star\" data-star=\"1\" style=\"padding-right: 5px\">\n            \n\n<div class=\"kksr-icon\" style=\"width: 22px; height: 22px;\"><\/div>\n        <\/div>\n            <div class=\"kksr-star\" data-star=\"2\" style=\"padding-right: 5px\">\n            \n\n<div class=\"kksr-icon\" style=\"width: 22px; height: 22px;\"><\/div>\n        <\/div>\n            <div class=\"kksr-star\" data-star=\"3\" style=\"padding-right: 5px\">\n            \n\n<div class=\"kksr-icon\" style=\"width: 22px; height: 22px;\"><\/div>\n        <\/div>\n            <div class=\"kksr-star\" data-star=\"4\" style=\"padding-right: 5px\">\n            \n\n<div class=\"kksr-icon\" style=\"width: 22px; height: 22px;\"><\/div>\n        <\/div>\n            <div class=\"kksr-star\" data-star=\"5\" style=\"padding-right: 5px\">\n            \n\n<div class=\"kksr-icon\" style=\"width: 22px; height: 22px;\"><\/div>\n        <\/div>\n    <\/div>\n    \n<div class=\"kksr-stars-active\" style=\"width: 0px;\">\n            <div class=\"kksr-star\" style=\"padding-right: 5px\">\n            \n\n<div class=\"kksr-icon\" style=\"width: 22px; height: 22px;\"><\/div>\n        <\/div>\n            <div class=\"kksr-star\" style=\"padding-right: 5px\">\n            \n\n<div class=\"kksr-icon\" style=\"width: 22px; height: 22px;\"><\/div>\n        <\/div>\n            <div class=\"kksr-star\" style=\"padding-right: 5px\">\n            \n\n<div class=\"kksr-icon\" style=\"width: 22px; height: 22px;\"><\/div>\n        <\/div>\n            <div class=\"kksr-star\" style=\"padding-right: 5px\">\n            \n\n<div class=\"kksr-icon\" style=\"width: 22px; height: 22px;\"><\/div>\n        <\/div>\n            <div class=\"kksr-star\" style=\"padding-right: 5px\">\n            \n\n<div class=\"kksr-icon\" style=\"width: 22px; height: 22px;\"><\/div>\n        <\/div>\n    <\/div>\n<\/div>\n                \n\n<div class=\"kksr-legend\" style=\"font-size: 17.6px;\">\n            <span class=\"kksr-muted\">Rate this post<\/span>\n    <\/div>\n    <\/div>\n<p>Bueno, notici\u00f3n que ya se ha dado exactamente 5 veces antes, ya que aunque esta es una gran noticia para todos los seguidores del universo <strong>Star Trek<\/strong> (y m\u00e1s despu\u00e9s de la resurrecci\u00f3n que <a href=\"https:\/\/es.wikipedia.org\/wiki\/J._J._Abrams\"><strong>JJ Abrams<\/strong> <\/a>ha dado a la saga con sus\u00a0dos \u00faltimos largometrajes), se ha anunciado la sexta serie de TV de la saga Star Trek.<\/p>\n<p><a href=\"http:\/\/nosolocomics.com\/blog\/wp-content\/uploads\/2015\/11\/Star_Trek1.jpg\"><img loading=\"lazy\" decoding=\"async\" class=\"alignnone size-full wp-image-11803\" src=\"http:\/\/nosolocomics.com\/blog\/wp-content\/uploads\/2015\/11\/Star_Trek1.jpg\" alt=\"Star_Trek\" width=\"955\" height=\"590\" \/><\/a><\/p>\n<p>En esta ocasi\u00f3n, <a href=\"https:\/\/www.cbs.com\/shows\/star-trek-series\/\">se ha hecho\u00a0oficial por el canal CBS<\/a> que la serie se lanzar\u00e1\u00a0en 2017 y contar\u00e1 con el guionista que se ha encargado de los 2 nuevos proyectos cinematogr\u00e1ficos,\u00a0<strong><a href=\"https:\/\/es.wikipedia.org\/wiki\/Alex_Kurtzman\">Alex Kurtzman<\/a>,\u00a0<\/strong>lo que promete mucho.\u00a0En el comunicado se comenta lo siguiente:<\/p>\n<p style=\"padding-left: 30px;\"><em>Esta nueva Star Trek presentar\u00e1 a nuevos personajes a la b\u00fasqueda de nuevos e imaginativos mundos y civilizaciones, a la vez que explorar\u00e1 los importantes temas contempor\u00e1neos que han sido marca de la franquicia desde su creaci\u00f3n en 1966.<\/em><\/p>\n<p><a href=\"http:\/\/nosolocomics.com\/blog\/wp-content\/uploads\/2015\/11\/Star_Trek-600x337.jpg\"><img loading=\"lazy\" decoding=\"async\" class=\"alignnone size-full wp-image-11802\" src=\"http:\/\/nosolocomics.com\/blog\/wp-content\/uploads\/2015\/11\/Star_Trek-600x337.jpg\" alt=\"Star_Trek-600x337\" width=\"600\" height=\"337\" \/><\/a><\/p>\n<p>Recordemos las 5 series anteriores, desde la primera y m\u00e1s m\u00edtica, hasta la \u00faltima que finaliz\u00f3 en 2005, todas ellas con un p\u00fablico fiel de un mundo que es de lo m\u00e1s ricos y diversos en la ciencia ficci\u00f3n moderna:<\/p>\n<ul>\n<li><i><a title=\"Star Trek: la serie original\" href=\"https:\/\/es.wikipedia.org\/wiki\/Star_Trek:_la_serie_original\">Star Trek: la serie original<\/a><\/i> (<i>Star Trek: The Original Series<\/i>) (1966 &#8211; 1969)<\/li>\n<li><i><a class=\"mw-redirect\" title=\"Star Trek: la nueva generaci\u00f3n\" href=\"https:\/\/es.wikipedia.org\/wiki\/Star_Trek:_la_nueva_generaci%C3%B3n\">Star Trek: la nueva generaci\u00f3n<\/a><\/i> (<i>Star Trek: The Next Generation<\/i>) (1987 &#8211; 1994)<\/li>\n<li><i><a class=\"mw-redirect\" title=\"Star Trek: espacio profundo nueve\" href=\"https:\/\/es.wikipedia.org\/wiki\/Star_Trek:_espacio_profundo_nueve\">Star Trek: espacio profundo nueve<\/a><\/i> (<i>Star Trek: Deep Space Nine<\/i>) (1993 &#8211; 1999)<\/li>\n<li><i><a title=\"Star Trek: Voyager\" href=\"https:\/\/es.wikipedia.org\/wiki\/Star_Trek:_Voyager\">Star Trek: Voyager<\/a><\/i> (1995 &#8211; 2001)<\/li>\n<li><i><a title=\"Star Trek: Enterprise\" href=\"https:\/\/es.wikipedia.org\/wiki\/Star_Trek:_Enterprise\">Star Trek: Enterprise<\/a><\/i> (2001 &#8211; 2005)<\/li>\n<\/ul>\n<p>Le\u00eddo en <a href=\"http:\/\/www.zonanegativa.com\/znseries-nueva-serie-de-star-trek-en-2017\/\">zonanegativa<\/a><\/p>\n","protected":false},"excerpt":{"rendered":"<p>Bueno, notici\u00f3n que ya se ha dado exactamente 5 veces antes, ya que aunque esta es una gran noticia para todos los seguidores del universo Star Trek (y m\u00e1s despu\u00e9s de la resurrecci\u00f3n que JJ Abrams ha dado a la saga con sus\u00a0dos \u00faltimos largometrajes), se ha anunciado la sexta serie de TV de la [&hellip;]<\/p>\n","protected":false},"author":1,"featured_media":11803,"comment_status":"open","ping_status":"open","sticky":false,"template":"","format":"standard","meta":{"_monsterinsights_skip_tracking":false,"_monsterinsights_sitenote_active":false,"_monsterinsights_sitenote_note":"","_monsterinsights_sitenote_category":0,"footnotes":""},"categories":[8],"tags":[104],"class_list":["post-11800","post","type-post","status-publish","format-standard","has-post-thumbnail","hentry","category-seriespeliculas","tag-star-trek"],"aioseo_notices":[],"_links":{"self":[{"href":"https:\/\/www.nosolocomics.com\/blog\/wp-json\/wp\/v2\/posts\/11800","targetHints":{"allow":["GET"]}}],"collection":[{"href":"https:\/\/www.nosolocomics.com\/blog\/wp-json\/wp\/v2\/posts"}],"about":[{"href":"https:\/\/www.nosolocomics.com\/blog\/wp-json\/wp\/v2\/types\/post"}],"author":[{"embeddable":true,"href":"https:\/\/www.nosolocomics.com\/blog\/wp-json\/wp\/v2\/users\/1"}],"replies":[{"embeddable":true,"href":"https:\/\/www.nosolocomics.com\/blog\/wp-json\/wp\/v2\/comments?post=11800"}],"version-history":[{"count":5,"href":"https:\/\/www.nosolocomics.com\/blog\/wp-json\/wp\/v2\/posts\/11800\/revisions"}],"predecessor-version":[{"id":23552,"href":"https:\/\/www.nosolocomics.com\/blog\/wp-json\/wp\/v2\/posts\/11800\/revisions\/23552"}],"wp:featuredmedia":[{"embeddable":true,"href":"https:\/\/www.nosolocomics.com\/blog\/wp-json\/"}],"wp:attachment":[{"href":"https:\/\/www.nosolocomics.com\/blog\/wp-json\/wp\/v2\/media?parent=11800"}],"wp:term":[{"taxonomy":"category","embeddable":true,"href":"https:\/\/www.nosolocomics.com\/blog\/wp-json\/wp\/v2\/categories?post=11800"},{"taxonomy":"post_tag","embeddable":true,"href":"https:\/\/www.nosolocomics.com\/blog\/wp-json\/wp\/v2\/tags?post=11800"}],"curies":[{"name":"wp","href":"https:\/\/api.w.org\/{rel}","templated":true}]}}