{"id":11833,"date":"2015-11-13T18:00:34","date_gmt":"2015-11-13T18:00:34","guid":{"rendered":"http:\/\/nosolocomics.com\/?p=11833"},"modified":"2022-01-02T18:30:05","modified_gmt":"2022-01-02T18:30:05","slug":"la-precuela-de-harry-potter-primeras-imagenes","status":"publish","type":"post","link":"https:\/\/www.nosolocomics.com\/blog\/seriespeliculas\/la-precuela-de-harry-potter-primeras-imagenes\/","title":{"rendered":"La precuela de Harry Potter&#8230; primeras im\u00e1genes"},"content":{"rendered":"\n\n<div class=\"kk-star-ratings kksr-auto kksr-align-left kksr-valign-top\"\n    data-payload='{&quot;align&quot;:&quot;left&quot;,&quot;id&quot;:&quot;11833&quot;,&quot;slug&quot;:&quot;default&quot;,&quot;valign&quot;:&quot;top&quot;,&quot;ignore&quot;:&quot;&quot;,&quot;reference&quot;:&quot;auto&quot;,&quot;class&quot;:&quot;&quot;,&quot;count&quot;:&quot;0&quot;,&quot;legendonly&quot;:&quot;&quot;,&quot;readonly&quot;:&quot;&quot;,&quot;score&quot;:&quot;0&quot;,&quot;starsonly&quot;:&quot;&quot;,&quot;best&quot;:&quot;5&quot;,&quot;gap&quot;:&quot;5&quot;,&quot;greet&quot;:&quot;Rate this post&quot;,&quot;legend&quot;:&quot;0\\\/5 - (0 votos)&quot;,&quot;size&quot;:&quot;22&quot;,&quot;title&quot;:&quot;La precuela de Harry Potter... primeras im\u00e1genes&quot;,&quot;width&quot;:&quot;0&quot;,&quot;_legend&quot;:&quot;{score}\\\/{best} - ({count} {votes})&quot;,&quot;font_factor&quot;:&quot;1.25&quot;}'>\n            \n<div class=\"kksr-stars\">\n    \n<div class=\"kksr-stars-inactive\">\n            <div class=\"kksr-star\" data-star=\"1\" style=\"padding-right: 5px\">\n            \n\n<div class=\"kksr-icon\" style=\"width: 22px; height: 22px;\"><\/div>\n        <\/div>\n            <div class=\"kksr-star\" data-star=\"2\" style=\"padding-right: 5px\">\n            \n\n<div class=\"kksr-icon\" style=\"width: 22px; height: 22px;\"><\/div>\n        <\/div>\n            <div class=\"kksr-star\" data-star=\"3\" style=\"padding-right: 5px\">\n            \n\n<div class=\"kksr-icon\" style=\"width: 22px; height: 22px;\"><\/div>\n        <\/div>\n            <div class=\"kksr-star\" data-star=\"4\" style=\"padding-right: 5px\">\n            \n\n<div class=\"kksr-icon\" style=\"width: 22px; height: 22px;\"><\/div>\n        <\/div>\n            <div class=\"kksr-star\" data-star=\"5\" style=\"padding-right: 5px\">\n            \n\n<div class=\"kksr-icon\" style=\"width: 22px; height: 22px;\"><\/div>\n        <\/div>\n    <\/div>\n    \n<div class=\"kksr-stars-active\" style=\"width: 0px;\">\n            <div class=\"kksr-star\" style=\"padding-right: 5px\">\n            \n\n<div class=\"kksr-icon\" style=\"width: 22px; height: 22px;\"><\/div>\n        <\/div>\n            <div class=\"kksr-star\" style=\"padding-right: 5px\">\n            \n\n<div class=\"kksr-icon\" style=\"width: 22px; height: 22px;\"><\/div>\n        <\/div>\n            <div class=\"kksr-star\" style=\"padding-right: 5px\">\n            \n\n<div class=\"kksr-icon\" style=\"width: 22px; height: 22px;\"><\/div>\n        <\/div>\n            <div class=\"kksr-star\" style=\"padding-right: 5px\">\n            \n\n<div class=\"kksr-icon\" style=\"width: 22px; height: 22px;\"><\/div>\n        <\/div>\n            <div class=\"kksr-star\" style=\"padding-right: 5px\">\n            \n\n<div class=\"kksr-icon\" style=\"width: 22px; height: 22px;\"><\/div>\n        <\/div>\n    <\/div>\n<\/div>\n                \n\n<div class=\"kksr-legend\" style=\"font-size: 17.6px;\">\n            <span class=\"kksr-muted\">Rate this post<\/span>\n    <\/div>\n    <\/div>\n<p>Si ya hace alg\u00fan tiempo supimos que <strong>Harry Potter<\/strong> tendr\u00eda una precuela, hoy os traemos las primeras im\u00e1genes de la misma. En ellas, aparece el actor\u00a0<strong>Eddie Redmayne <\/strong>como el mago<strong> Newt Scamander.<\/strong><\/p>\n<p>El t\u00edtulo de la pel\u00edcula,<strong> \u00abAnimales fant\u00e1sticos y d\u00f3nde encontrarlos\u00bb. <\/strong>Se estrenar\u00e1 el 16 de noviembre de 2016 y el director, <strong><a href=\"https:\/\/es.wikipedia.org\/wiki\/David_Yates\">David Yates<\/a><\/strong>, es el mismo que dirigi\u00f3 las 4 \u00faltimas pel\u00edculas de la saga Harry Potter.<\/p>\n<p><a href=\"http:\/\/nosolocomics.com\/blog\/wp-content\/uploads\/2015\/11\/harry1.jpg\"><img loading=\"lazy\" decoding=\"async\" class=\"alignnone size-full wp-image-11835\" src=\"http:\/\/nosolocomics.com\/blog\/wp-content\/uploads\/2015\/11\/harry1.jpg\" alt=\"harry1\" width=\"612\" height=\"816\" \/><\/a><\/p>\n<p><a href=\"http:\/\/nosolocomics.com\/blog\/wp-content\/uploads\/2015\/11\/harry7.jpg\"><img loading=\"lazy\" decoding=\"async\" class=\"alignnone size-full wp-image-11841\" src=\"http:\/\/nosolocomics.com\/blog\/wp-content\/uploads\/2015\/11\/harry7.jpg\" alt=\"harry7\" width=\"612\" height=\"408\" \/><\/a><a href=\"http:\/\/nosolocomics.com\/blog\/wp-content\/uploads\/2015\/11\/harry8.jpg\"><img loading=\"lazy\" decoding=\"async\" class=\"alignnone size-full wp-image-11842\" src=\"http:\/\/nosolocomics.com\/blog\/wp-content\/uploads\/2015\/11\/harry8.jpg\" alt=\"harry8\" width=\"612\" height=\"518\" \/><\/a><a href=\"http:\/\/nosolocomics.com\/blog\/wp-content\/uploads\/2015\/11\/harry2.jpg\"><img loading=\"lazy\" decoding=\"async\" class=\"alignnone size-full wp-image-11836\" src=\"http:\/\/nosolocomics.com\/blog\/wp-content\/uploads\/2015\/11\/harry2.jpg\" alt=\"harry2\" width=\"612\" height=\"408\" \/><\/a> <a href=\"http:\/\/nosolocomics.com\/blog\/wp-content\/uploads\/2015\/11\/harry3.jpg\"><img loading=\"lazy\" decoding=\"async\" class=\"alignnone size-full wp-image-11837\" src=\"http:\/\/nosolocomics.com\/blog\/wp-content\/uploads\/2015\/11\/harry3.jpg\" alt=\"harry3\" width=\"612\" height=\"466\" \/><\/a> <a href=\"http:\/\/nosolocomics.com\/blog\/wp-content\/uploads\/2015\/11\/harry4.jpg\"><img loading=\"lazy\" decoding=\"async\" class=\"alignnone size-full wp-image-11838\" src=\"http:\/\/nosolocomics.com\/blog\/wp-content\/uploads\/2015\/11\/harry4.jpg\" alt=\"harry4\" width=\"612\" height=\"408\" \/><\/a> <a href=\"http:\/\/nosolocomics.com\/blog\/wp-content\/uploads\/2015\/11\/harry5.jpg\"><img loading=\"lazy\" decoding=\"async\" class=\"alignnone size-full wp-image-11839\" src=\"http:\/\/nosolocomics.com\/blog\/wp-content\/uploads\/2015\/11\/harry5.jpg\" alt=\"harry5\" width=\"612\" height=\"392\" \/><\/a> <a href=\"http:\/\/nosolocomics.com\/blog\/wp-content\/uploads\/2015\/11\/harry6.jpg\"><img loading=\"lazy\" decoding=\"async\" class=\"alignnone size-full wp-image-11840\" src=\"http:\/\/nosolocomics.com\/blog\/wp-content\/uploads\/2015\/11\/harry6.jpg\" alt=\"harry6\" width=\"612\" height=\"409\" \/><\/a>\u00a0\u00a0<a href=\"http:\/\/nosolocomics.com\/blog\/wp-content\/uploads\/2015\/11\/harry9.jpg\"><img loading=\"lazy\" decoding=\"async\" class=\"alignnone size-full wp-image-11843\" src=\"http:\/\/nosolocomics.com\/blog\/wp-content\/uploads\/2015\/11\/harry9.jpg\" alt=\"harry9\" width=\"463\" height=\"612\" \/><\/a><\/p>\n<p><a href=\"http:\/\/nosolocomics.com\/blog\/wp-content\/uploads\/2015\/11\/harry10.jpg\"><img loading=\"lazy\" decoding=\"async\" class=\"alignnone size-full wp-image-11834\" src=\"http:\/\/nosolocomics.com\/blog\/wp-content\/uploads\/2015\/11\/harry10.jpg\" alt=\"harry10\" width=\"1024\" height=\"691\" \/><\/a><\/p>\n<p>&nbsp;<\/p>\n<p>&nbsp;<\/p>\n","protected":false},"excerpt":{"rendered":"<p>Si ya hace alg\u00fan tiempo supimos que Harry Potter tendr\u00eda una precuela, hoy os traemos las primeras im\u00e1genes de la misma. En ellas, aparece el actor\u00a0Eddie Redmayne como el mago Newt Scamander. El t\u00edtulo de la pel\u00edcula, \u00abAnimales fant\u00e1sticos y d\u00f3nde encontrarlos\u00bb. Se estrenar\u00e1 el 16 de noviembre de 2016 y el director, David Yates, [&hellip;]<\/p>\n","protected":false},"author":1,"featured_media":11835,"comment_status":"open","ping_status":"open","sticky":false,"template":"","format":"standard","meta":{"_monsterinsights_skip_tracking":false,"_monsterinsights_sitenote_active":false,"_monsterinsights_sitenote_note":"","_monsterinsights_sitenote_category":0,"footnotes":""},"categories":[8],"tags":[56],"class_list":["post-11833","post","type-post","status-publish","format-standard","has-post-thumbnail","hentry","category-seriespeliculas","tag-harry-potter"],"aioseo_notices":[],"_links":{"self":[{"href":"https:\/\/www.nosolocomics.com\/blog\/wp-json\/wp\/v2\/posts\/11833","targetHints":{"allow":["GET"]}}],"collection":[{"href":"https:\/\/www.nosolocomics.com\/blog\/wp-json\/wp\/v2\/posts"}],"about":[{"href":"https:\/\/www.nosolocomics.com\/blog\/wp-json\/wp\/v2\/types\/post"}],"author":[{"embeddable":true,"href":"https:\/\/www.nosolocomics.com\/blog\/wp-json\/wp\/v2\/users\/1"}],"replies":[{"embeddable":true,"href":"https:\/\/www.nosolocomics.com\/blog\/wp-json\/wp\/v2\/comments?post=11833"}],"version-history":[{"count":20,"href":"https:\/\/www.nosolocomics.com\/blog\/wp-json\/wp\/v2\/posts\/11833\/revisions"}],"predecessor-version":[{"id":22824,"href":"https:\/\/www.nosolocomics.com\/blog\/wp-json\/wp\/v2\/posts\/11833\/revisions\/22824"}],"wp:featuredmedia":[{"embeddable":true,"href":"https:\/\/www.nosolocomics.com\/blog\/wp-json\/"}],"wp:attachment":[{"href":"https:\/\/www.nosolocomics.com\/blog\/wp-json\/wp\/v2\/media?parent=11833"}],"wp:term":[{"taxonomy":"category","embeddable":true,"href":"https:\/\/www.nosolocomics.com\/blog\/wp-json\/wp\/v2\/categories?post=11833"},{"taxonomy":"post_tag","embeddable":true,"href":"https:\/\/www.nosolocomics.com\/blog\/wp-json\/wp\/v2\/tags?post=11833"}],"curies":[{"name":"wp","href":"https:\/\/api.w.org\/{rel}","templated":true}]}}