{"id":11853,"date":"2015-11-21T18:46:39","date_gmt":"2015-11-21T18:46:39","guid":{"rendered":"http:\/\/nosolocomics.com\/?p=11853"},"modified":"2022-01-02T18:30:06","modified_gmt":"2022-01-02T18:30:06","slug":"primera-imagen-de-wonder-woman-sigue-la-saga-dc","status":"publish","type":"post","link":"https:\/\/www.nosolocomics.com\/blog\/seriespeliculas\/primera-imagen-de-wonder-woman-sigue-la-saga-dc\/","title":{"rendered":"Primera imagen de Wonder Woman&#8230; sigue la saga DC&#8230;"},"content":{"rendered":"\n\n<div class=\"kk-star-ratings kksr-auto kksr-align-left kksr-valign-top\"\n    data-payload='{&quot;align&quot;:&quot;left&quot;,&quot;id&quot;:&quot;11853&quot;,&quot;slug&quot;:&quot;default&quot;,&quot;valign&quot;:&quot;top&quot;,&quot;ignore&quot;:&quot;&quot;,&quot;reference&quot;:&quot;auto&quot;,&quot;class&quot;:&quot;&quot;,&quot;count&quot;:&quot;0&quot;,&quot;legendonly&quot;:&quot;&quot;,&quot;readonly&quot;:&quot;&quot;,&quot;score&quot;:&quot;0&quot;,&quot;starsonly&quot;:&quot;&quot;,&quot;best&quot;:&quot;5&quot;,&quot;gap&quot;:&quot;5&quot;,&quot;greet&quot;:&quot;Rate this post&quot;,&quot;legend&quot;:&quot;0\\\/5 - (0 votos)&quot;,&quot;size&quot;:&quot;22&quot;,&quot;title&quot;:&quot;Primera imagen de Wonder Woman... sigue la saga DC...&quot;,&quot;width&quot;:&quot;0&quot;,&quot;_legend&quot;:&quot;{score}\\\/{best} - ({count} {votes})&quot;,&quot;font_factor&quot;:&quot;1.25&quot;}'>\n            \n<div class=\"kksr-stars\">\n    \n<div class=\"kksr-stars-inactive\">\n            <div class=\"kksr-star\" data-star=\"1\" style=\"padding-right: 5px\">\n            \n\n<div class=\"kksr-icon\" style=\"width: 22px; height: 22px;\"><\/div>\n        <\/div>\n            <div class=\"kksr-star\" data-star=\"2\" style=\"padding-right: 5px\">\n            \n\n<div class=\"kksr-icon\" style=\"width: 22px; height: 22px;\"><\/div>\n        <\/div>\n            <div class=\"kksr-star\" data-star=\"3\" style=\"padding-right: 5px\">\n            \n\n<div class=\"kksr-icon\" style=\"width: 22px; height: 22px;\"><\/div>\n        <\/div>\n            <div class=\"kksr-star\" data-star=\"4\" style=\"padding-right: 5px\">\n            \n\n<div class=\"kksr-icon\" style=\"width: 22px; height: 22px;\"><\/div>\n        <\/div>\n            <div class=\"kksr-star\" data-star=\"5\" style=\"padding-right: 5px\">\n            \n\n<div class=\"kksr-icon\" style=\"width: 22px; height: 22px;\"><\/div>\n        <\/div>\n    <\/div>\n    \n<div class=\"kksr-stars-active\" style=\"width: 0px;\">\n            <div class=\"kksr-star\" style=\"padding-right: 5px\">\n            \n\n<div class=\"kksr-icon\" style=\"width: 22px; height: 22px;\"><\/div>\n        <\/div>\n            <div class=\"kksr-star\" style=\"padding-right: 5px\">\n            \n\n<div class=\"kksr-icon\" style=\"width: 22px; height: 22px;\"><\/div>\n        <\/div>\n            <div class=\"kksr-star\" style=\"padding-right: 5px\">\n            \n\n<div class=\"kksr-icon\" style=\"width: 22px; height: 22px;\"><\/div>\n        <\/div>\n            <div class=\"kksr-star\" style=\"padding-right: 5px\">\n            \n\n<div class=\"kksr-icon\" style=\"width: 22px; height: 22px;\"><\/div>\n        <\/div>\n            <div class=\"kksr-star\" style=\"padding-right: 5px\">\n            \n\n<div class=\"kksr-icon\" style=\"width: 22px; height: 22px;\"><\/div>\n        <\/div>\n    <\/div>\n<\/div>\n                \n\n<div class=\"kksr-legend\" style=\"font-size: 17.6px;\">\n            <span class=\"kksr-muted\">Rate this post<\/span>\n    <\/div>\n    <\/div>\n<p><a href=\"https:\/\/es.wikipedia.org\/wiki\/Gal_Gadot\"><strong>Gal Gadot<\/strong><\/a>, su protagonista nos comparte la que es la primera foto de <strong>Wonder Woman<\/strong>, la cinta que seguir\u00e1 a <strong>Batman vs Superman<\/strong> en el universo DC y que se espera para el 23 de junio de 2017.<\/p>\n<p><a href=\"http:\/\/nosolocomics.com\/blog\/wp-content\/uploads\/2015\/11\/wonder-woman-gal-gadot.jpg\"><img loading=\"lazy\" decoding=\"async\" class=\"alignnone size-full wp-image-11855\" src=\"http:\/\/nosolocomics.com\/blog\/wp-content\/uploads\/2015\/11\/wonder-woman-gal-gadot.jpg\" alt=\"wonder-woman-gal-gadot\" width=\"600\" height=\"315\" \/><\/a><\/p>\n<p>La pel\u00edcula estar\u00e1 dirigida por\u00a0 <strong><a href=\"https:\/\/es.wikipedia.org\/wiki\/Patty_Jenkins\">Patty Jenkins<\/a><\/strong>, con gui\u00f3n de\u00a0 <strong><a href=\"http:\/\/www.imdb.com\/name\/nm0297229\/\">Jason Fuchs<\/a><\/strong> y contar\u00e1 tambi\u00e9n con los actores\u00a0<strong><a href=\"https:\/\/es.wikipedia.org\/wiki\/Robin_Wright\">Robin Wright<\/a><\/strong>,\u00a0<strong><a href=\"https:\/\/es.wikipedia.org\/wiki\/Danny_Huston\">Danny Huston<\/a><\/strong>,\u00a0<a href=\"https:\/\/es.wikipedia.org\/wiki\/David_Thewlis\"><strong>David Thewlis<\/strong> <\/a>y la espa\u00f1ola\u00a0<a href=\"https:\/\/es.wikipedia.org\/wiki\/Elena_Anaya\"><strong>Elena Anaya<\/strong> <\/a>entre otros. <strong><a href=\"https:\/\/es.wikipedia.org\/wiki\/Zack_Snyder\">Zack Snyder<\/a> <\/strong>y <strong><a href=\"https:\/\/es.wikipedia.org\/wiki\/Geoff_Johns\">Geoff Johns<\/a><\/strong> estar\u00e1n en la producci\u00f3n.<\/p>\n<p>Hace unos d\u00edas tambi\u00e9n se public\u00f3 una imagen de Chris Pine como <a href=\"https:\/\/es.wikipedia.org\/wiki\/Steve_Trevor\">Steve Trevor<\/a>, en el c\u00f3mic original pareja de Wonder Woman, aunque a lo largo de los tiempos su relaci\u00f3n ha variado en diferentes ocasiones.<\/p>\n<p><a href=\"http:\/\/nosolocomics.com\/blog\/wp-content\/uploads\/2015\/11\/Chris-Pine-Wonder-Woman.jpg\"><img loading=\"lazy\" decoding=\"async\" class=\"alignnone size-full wp-image-11854\" src=\"http:\/\/nosolocomics.com\/blog\/wp-content\/uploads\/2015\/11\/Chris-Pine-Wonder-Woman.jpg\" alt=\"Chris-Pine-Wonder-Woman\" width=\"600\" height=\"400\" \/><\/a><\/p>\n","protected":false},"excerpt":{"rendered":"<p>Gal Gadot, su protagonista nos comparte la que es la primera foto de Wonder Woman, la cinta que seguir\u00e1 a Batman vs Superman en el universo DC y que se espera para el 23 de junio de 2017. La pel\u00edcula estar\u00e1 dirigida por\u00a0 Patty Jenkins, con gui\u00f3n de\u00a0 Jason Fuchs y contar\u00e1 tambi\u00e9n con los [&hellip;]<\/p>\n","protected":false},"author":1,"featured_media":11855,"comment_status":"open","ping_status":"open","sticky":false,"template":"","format":"standard","meta":{"_monsterinsights_skip_tracking":false,"_monsterinsights_sitenote_active":false,"_monsterinsights_sitenote_note":"","_monsterinsights_sitenote_category":0,"footnotes":""},"categories":[8],"tags":[35,126],"class_list":["post-11853","post","type-post","status-publish","format-standard","has-post-thumbnail","hentry","category-seriespeliculas","tag-dc-comics","tag-wonder-woman"],"aioseo_notices":[],"_links":{"self":[{"href":"https:\/\/www.nosolocomics.com\/blog\/wp-json\/wp\/v2\/posts\/11853","targetHints":{"allow":["GET"]}}],"collection":[{"href":"https:\/\/www.nosolocomics.com\/blog\/wp-json\/wp\/v2\/posts"}],"about":[{"href":"https:\/\/www.nosolocomics.com\/blog\/wp-json\/wp\/v2\/types\/post"}],"author":[{"embeddable":true,"href":"https:\/\/www.nosolocomics.com\/blog\/wp-json\/wp\/v2\/users\/1"}],"replies":[{"embeddable":true,"href":"https:\/\/www.nosolocomics.com\/blog\/wp-json\/wp\/v2\/comments?post=11853"}],"version-history":[{"count":4,"href":"https:\/\/www.nosolocomics.com\/blog\/wp-json\/wp\/v2\/posts\/11853\/revisions"}],"predecessor-version":[{"id":22830,"href":"https:\/\/www.nosolocomics.com\/blog\/wp-json\/wp\/v2\/posts\/11853\/revisions\/22830"}],"wp:featuredmedia":[{"embeddable":true,"href":"https:\/\/www.nosolocomics.com\/blog\/wp-json\/"}],"wp:attachment":[{"href":"https:\/\/www.nosolocomics.com\/blog\/wp-json\/wp\/v2\/media?parent=11853"}],"wp:term":[{"taxonomy":"category","embeddable":true,"href":"https:\/\/www.nosolocomics.com\/blog\/wp-json\/wp\/v2\/categories?post=11853"},{"taxonomy":"post_tag","embeddable":true,"href":"https:\/\/www.nosolocomics.com\/blog\/wp-json\/wp\/v2\/tags?post=11853"}],"curies":[{"name":"wp","href":"https:\/\/api.w.org\/{rel}","templated":true}]}}