{"id":12482,"date":"2016-02-21T17:19:22","date_gmt":"2016-02-21T17:19:22","guid":{"rendered":"http:\/\/nosolocomics.com\/?p=12482"},"modified":"2022-01-02T18:30:07","modified_gmt":"2022-01-02T18:30:07","slug":"kurt-russell-estara-en-guardianes-de-la-galaxia-2","status":"publish","type":"post","link":"https:\/\/www.nosolocomics.com\/blog\/seriespeliculas\/kurt-russell-estara-en-guardianes-de-la-galaxia-2\/","title":{"rendered":"Kurt Russell estar\u00e1 en Guardianes de la Galaxia 2.."},"content":{"rendered":"\n\n<div class=\"kk-star-ratings kksr-auto kksr-align-left kksr-valign-top\"\n    data-payload='{&quot;align&quot;:&quot;left&quot;,&quot;id&quot;:&quot;12482&quot;,&quot;slug&quot;:&quot;default&quot;,&quot;valign&quot;:&quot;top&quot;,&quot;ignore&quot;:&quot;&quot;,&quot;reference&quot;:&quot;auto&quot;,&quot;class&quot;:&quot;&quot;,&quot;count&quot;:&quot;0&quot;,&quot;legendonly&quot;:&quot;&quot;,&quot;readonly&quot;:&quot;&quot;,&quot;score&quot;:&quot;0&quot;,&quot;starsonly&quot;:&quot;&quot;,&quot;best&quot;:&quot;5&quot;,&quot;gap&quot;:&quot;5&quot;,&quot;greet&quot;:&quot;Rate this post&quot;,&quot;legend&quot;:&quot;0\\\/5 - (0 votos)&quot;,&quot;size&quot;:&quot;22&quot;,&quot;title&quot;:&quot;Kurt Russell estar\u00e1 en Guardianes de la Galaxia 2..&quot;,&quot;width&quot;:&quot;0&quot;,&quot;_legend&quot;:&quot;{score}\\\/{best} - ({count} {votes})&quot;,&quot;font_factor&quot;:&quot;1.25&quot;}'>\n            \n<div class=\"kksr-stars\">\n    \n<div class=\"kksr-stars-inactive\">\n            <div class=\"kksr-star\" data-star=\"1\" style=\"padding-right: 5px\">\n            \n\n<div class=\"kksr-icon\" style=\"width: 22px; height: 22px;\"><\/div>\n        <\/div>\n            <div class=\"kksr-star\" data-star=\"2\" style=\"padding-right: 5px\">\n            \n\n<div class=\"kksr-icon\" style=\"width: 22px; height: 22px;\"><\/div>\n        <\/div>\n            <div class=\"kksr-star\" data-star=\"3\" style=\"padding-right: 5px\">\n            \n\n<div class=\"kksr-icon\" style=\"width: 22px; height: 22px;\"><\/div>\n        <\/div>\n            <div class=\"kksr-star\" data-star=\"4\" style=\"padding-right: 5px\">\n            \n\n<div class=\"kksr-icon\" style=\"width: 22px; height: 22px;\"><\/div>\n        <\/div>\n            <div class=\"kksr-star\" data-star=\"5\" style=\"padding-right: 5px\">\n            \n\n<div class=\"kksr-icon\" style=\"width: 22px; height: 22px;\"><\/div>\n        <\/div>\n    <\/div>\n    \n<div class=\"kksr-stars-active\" style=\"width: 0px;\">\n            <div class=\"kksr-star\" style=\"padding-right: 5px\">\n            \n\n<div class=\"kksr-icon\" style=\"width: 22px; height: 22px;\"><\/div>\n        <\/div>\n            <div class=\"kksr-star\" style=\"padding-right: 5px\">\n            \n\n<div class=\"kksr-icon\" style=\"width: 22px; height: 22px;\"><\/div>\n        <\/div>\n            <div class=\"kksr-star\" style=\"padding-right: 5px\">\n            \n\n<div class=\"kksr-icon\" style=\"width: 22px; height: 22px;\"><\/div>\n        <\/div>\n            <div class=\"kksr-star\" style=\"padding-right: 5px\">\n            \n\n<div class=\"kksr-icon\" style=\"width: 22px; height: 22px;\"><\/div>\n        <\/div>\n            <div class=\"kksr-star\" style=\"padding-right: 5px\">\n            \n\n<div class=\"kksr-icon\" style=\"width: 22px; height: 22px;\"><\/div>\n        <\/div>\n    <\/div>\n<\/div>\n                \n\n<div class=\"kksr-legend\" style=\"font-size: 17.6px;\">\n            <span class=\"kksr-muted\">Rate this post<\/span>\n    <\/div>\n    <\/div>\n<p>Se acaba de anunciar que <a href=\"https:\/\/es.wikipedia.org\/wiki\/Kurt_Russell\">Kurt Russell<\/a> est\u00e1 en <strong>Guardianes de la Galaxia 2<\/strong>, justo cuando <strong>Marvel Studios<\/strong> comunica el inicio del rodaje de la\u00a0secuela de aquel inesperado \u00e9xito de una pel\u00edcula por la que nadie daba un duro.<\/p>\n<p><img loading=\"lazy\" decoding=\"async\" class=\"alignnone size-full wp-image-12484\" src=\"http:\/\/nosolocomics.com\/blog\/wp-content\/uploads\/2016\/02\/kurt.jpg\" alt=\"kurt\" width=\"580\" height=\"395\" \/><\/p>\n<p><a href=\"https:\/\/es.wikipedia.org\/wiki\/James_Gunn_(cineasta)\">James Gunn<\/a> es muy dado a ir compartiendo detalles del rodaje en sus posts y as\u00ed ha compartido\u00a0<a href=\"https:\/\/www.facebook.com\/jgunn\/photos\/a.216126946156.142629.48103536156\/10153165740966157\/?type=3&amp;theater\" target=\"_blank\" rel=\"noopener noreferrer\">en su cuenta de Facebook<\/a>\u00a0la primera imagen de esta segunda parte.<\/p>\n<p><img loading=\"lazy\" decoding=\"async\" class=\"alignnone size-full wp-image-12483\" src=\"http:\/\/nosolocomics.com\/blog\/wp-content\/uploads\/2016\/02\/Guardianes2teaser.jpg\" alt=\"Guardianes2teaser\" width=\"1068\" height=\"712\" \/><\/p>\n<p>Recordemos que el reparto lo volver\u00e1n a formar\u00a0<strong><a href=\"https:\/\/es.wikipedia.org\/wiki\/Chris_Pratt\">Chris Pratt<\/a><\/strong> como Star Lord,\u00a0<a href=\"https:\/\/es.wikipedia.org\/wiki\/Zoe_Salda\u00f1a\"><strong>Zoe Saldana<\/strong> <\/a>como Gamora,<strong> <a href=\"https:\/\/es.wikipedia.org\/wiki\/Dave_Bautista\">Dave Bautista<\/a> <\/strong>como Drax, <strong><a href=\"https:\/\/es.wikipedia.org\/wiki\/Vin_Diesel\">Vin Diesel<\/a><\/strong> y <a href=\"https:\/\/es.wikipedia.org\/wiki\/Bradley_Cooper\"><strong>Bradley Cooper<\/strong> <\/a>poniendo la voz a Groot y Rocket Raccoon respectivamente, adem\u00e1s de volver a contar con <strong><a href=\"https:\/\/es.wikipedia.org\/wiki\/Glenn_Close\">Glenn Close<\/a>\u00a0<\/strong>y de incluir en el reparto a\u00a0<strong><a href=\"http:\/\/www.cinemania.es\/...\/quien-es-pom-klementieff-el-fichaje-sorpresa-de-g...\">Pom Klementieff <\/a><\/strong>como Mantis.<\/p>\n<p><img loading=\"lazy\" decoding=\"async\" class=\"alignnone size-full wp-image-12485\" src=\"http:\/\/nosolocomics.com\/blog\/wp-content\/uploads\/2016\/02\/pom.jpg\" alt=\"pom\" width=\"1366\" height=\"768\" \/><\/p>\n<p>El filme est\u00e1 previsto que se estrene el 5 de mayo de 2017.<\/p>\n<p>Le\u00eddo en <a href=\"http:\/\/www.zonanegativa.com\/zncine-kurt-russell-nueva-incorporacion-a-guardianes-de-la-galaxia-vol-2\/\">zonanegativa<\/a>.<\/p>\n","protected":false},"excerpt":{"rendered":"<p>Se acaba de anunciar que Kurt Russell est\u00e1 en Guardianes de la Galaxia 2, justo cuando Marvel Studios comunica el inicio del rodaje de la\u00a0secuela de aquel inesperado \u00e9xito de una pel\u00edcula por la que nadie daba un duro. James Gunn es muy dado a ir compartiendo detalles del rodaje en sus posts y as\u00ed [&hellip;]<\/p>\n","protected":false},"author":1,"featured_media":12483,"comment_status":"open","ping_status":"open","sticky":false,"template":"","format":"standard","meta":{"_monsterinsights_skip_tracking":false,"_monsterinsights_sitenote_active":false,"_monsterinsights_sitenote_note":"","_monsterinsights_sitenote_category":0,"footnotes":""},"categories":[8],"tags":[54,83],"class_list":["post-12482","post","type-post","status-publish","format-standard","has-post-thumbnail","hentry","category-seriespeliculas","tag-guardianes-de-la-galaxia","tag-marvel"],"aioseo_notices":[],"_links":{"self":[{"href":"https:\/\/www.nosolocomics.com\/blog\/wp-json\/wp\/v2\/posts\/12482","targetHints":{"allow":["GET"]}}],"collection":[{"href":"https:\/\/www.nosolocomics.com\/blog\/wp-json\/wp\/v2\/posts"}],"about":[{"href":"https:\/\/www.nosolocomics.com\/blog\/wp-json\/wp\/v2\/types\/post"}],"author":[{"embeddable":true,"href":"https:\/\/www.nosolocomics.com\/blog\/wp-json\/wp\/v2\/users\/1"}],"replies":[{"embeddable":true,"href":"https:\/\/www.nosolocomics.com\/blog\/wp-json\/wp\/v2\/comments?post=12482"}],"version-history":[{"count":3,"href":"https:\/\/www.nosolocomics.com\/blog\/wp-json\/wp\/v2\/posts\/12482\/revisions"}],"predecessor-version":[{"id":22904,"href":"https:\/\/www.nosolocomics.com\/blog\/wp-json\/wp\/v2\/posts\/12482\/revisions\/22904"}],"wp:featuredmedia":[{"embeddable":true,"href":"https:\/\/www.nosolocomics.com\/blog\/wp-json\/"}],"wp:attachment":[{"href":"https:\/\/www.nosolocomics.com\/blog\/wp-json\/wp\/v2\/media?parent=12482"}],"wp:term":[{"taxonomy":"category","embeddable":true,"href":"https:\/\/www.nosolocomics.com\/blog\/wp-json\/wp\/v2\/categories?post=12482"},{"taxonomy":"post_tag","embeddable":true,"href":"https:\/\/www.nosolocomics.com\/blog\/wp-json\/wp\/v2\/tags?post=12482"}],"curies":[{"name":"wp","href":"https:\/\/api.w.org\/{rel}","templated":true}]}}