{"id":12524,"date":"2016-02-25T19:00:22","date_gmt":"2016-02-25T19:00:22","guid":{"rendered":"http:\/\/nosolocomics.com\/?p=12524"},"modified":"2022-01-02T18:30:07","modified_gmt":"2022-01-02T18:30:07","slug":"12524-2","status":"publish","type":"post","link":"https:\/\/www.nosolocomics.com\/blog\/seriespeliculas\/12524-2\/","title":{"rendered":"Justice League con Zack Snyder empieza a dar sus primeros pasos&#8230;"},"content":{"rendered":"\n\n<div class=\"kk-star-ratings kksr-auto kksr-align-left kksr-valign-top\"\n    data-payload='{&quot;align&quot;:&quot;left&quot;,&quot;id&quot;:&quot;12524&quot;,&quot;slug&quot;:&quot;default&quot;,&quot;valign&quot;:&quot;top&quot;,&quot;ignore&quot;:&quot;&quot;,&quot;reference&quot;:&quot;auto&quot;,&quot;class&quot;:&quot;&quot;,&quot;count&quot;:&quot;0&quot;,&quot;legendonly&quot;:&quot;&quot;,&quot;readonly&quot;:&quot;&quot;,&quot;score&quot;:&quot;0&quot;,&quot;starsonly&quot;:&quot;&quot;,&quot;best&quot;:&quot;5&quot;,&quot;gap&quot;:&quot;5&quot;,&quot;greet&quot;:&quot;Rate this post&quot;,&quot;legend&quot;:&quot;0\\\/5 - (0 votos)&quot;,&quot;size&quot;:&quot;22&quot;,&quot;title&quot;:&quot;Justice League con Zack Snyder empieza a dar sus primeros pasos...&quot;,&quot;width&quot;:&quot;0&quot;,&quot;_legend&quot;:&quot;{score}\\\/{best} - ({count} {votes})&quot;,&quot;font_factor&quot;:&quot;1.25&quot;}'>\n            \n<div class=\"kksr-stars\">\n    \n<div class=\"kksr-stars-inactive\">\n            <div class=\"kksr-star\" data-star=\"1\" style=\"padding-right: 5px\">\n            \n\n<div class=\"kksr-icon\" style=\"width: 22px; height: 22px;\"><\/div>\n        <\/div>\n            <div class=\"kksr-star\" data-star=\"2\" style=\"padding-right: 5px\">\n            \n\n<div class=\"kksr-icon\" style=\"width: 22px; height: 22px;\"><\/div>\n        <\/div>\n            <div class=\"kksr-star\" data-star=\"3\" style=\"padding-right: 5px\">\n            \n\n<div class=\"kksr-icon\" style=\"width: 22px; height: 22px;\"><\/div>\n        <\/div>\n            <div class=\"kksr-star\" data-star=\"4\" style=\"padding-right: 5px\">\n            \n\n<div class=\"kksr-icon\" style=\"width: 22px; height: 22px;\"><\/div>\n        <\/div>\n            <div class=\"kksr-star\" data-star=\"5\" style=\"padding-right: 5px\">\n            \n\n<div class=\"kksr-icon\" style=\"width: 22px; height: 22px;\"><\/div>\n        <\/div>\n    <\/div>\n    \n<div class=\"kksr-stars-active\" style=\"width: 0px;\">\n            <div class=\"kksr-star\" style=\"padding-right: 5px\">\n            \n\n<div class=\"kksr-icon\" style=\"width: 22px; height: 22px;\"><\/div>\n        <\/div>\n            <div class=\"kksr-star\" style=\"padding-right: 5px\">\n            \n\n<div class=\"kksr-icon\" style=\"width: 22px; height: 22px;\"><\/div>\n        <\/div>\n            <div class=\"kksr-star\" style=\"padding-right: 5px\">\n            \n\n<div class=\"kksr-icon\" style=\"width: 22px; height: 22px;\"><\/div>\n        <\/div>\n            <div class=\"kksr-star\" style=\"padding-right: 5px\">\n            \n\n<div class=\"kksr-icon\" style=\"width: 22px; height: 22px;\"><\/div>\n        <\/div>\n            <div class=\"kksr-star\" style=\"padding-right: 5px\">\n            \n\n<div class=\"kksr-icon\" style=\"width: 22px; height: 22px;\"><\/div>\n        <\/div>\n    <\/div>\n<\/div>\n                \n\n<div class=\"kksr-legend\" style=\"font-size: 17.6px;\">\n            <span class=\"kksr-muted\">Rate this post<\/span>\n    <\/div>\n    <\/div>\n<p>Pues s\u00ed, a un mes escaso del estreno del renacer DC con <strong>Batman vs Superman<\/strong>, <a href=\"https:\/\/es.wikipedia.org\/wiki\/Zack_Snyder\">Zack Snyder <\/a>nos muestra esta foto en twitter donde se lo ve junto a<strong> <a href=\"https:\/\/es.wikipedia.org\/wiki\/Jason_Momoa\">Jason Momoa<\/a><\/strong>, aka <strong>Aquaman<\/strong>, preparando lo que ser\u00e1 <strong>Justice League part 1<\/strong> en uno de los talleres que se usan para preparar trajes, decorado y vestuario.<\/p>\n<p><img loading=\"lazy\" decoding=\"async\" class=\"alignnone size-full wp-image-12525\" src=\"http:\/\/nosolocomics.com\/blog\/wp-content\/uploads\/2016\/02\/JusticeLEague.jpg\" alt=\"JusticeLEague\" width=\"1200\" height=\"1027\" \/><\/p>\n<p>Interesante, s\u00ed, all\u00e1 a lo lejos vemos tambi\u00e9n el traje de <strong>Flash<\/strong>, algunas armaduras y en primer plano, la m\u00e1scara de <strong>Batman<\/strong>. El rodaje est\u00e1 al caer y el bueno de Zack ya est\u00e1 manos en la masa.<\/p>\n<p>Recordad que Justice League ser\u00e1 la primera parte de una duolog\u00eda donde se nos mostrar\u00e1 al supergrupo de DC (en la misma l\u00ednea de los Vengadores de Marvel) y que est\u00e1 compuesto por\u00a0 <a title=\"Superman\" href=\"https:\/\/es.wikipedia.org\/wiki\/Superman\">Superman<\/a>, <a title=\"Batman\" href=\"https:\/\/es.wikipedia.org\/wiki\/Batman\">Batman<\/a>, la <a class=\"mw-redirect\" title=\"Mujer Maravilla\" href=\"https:\/\/es.wikipedia.org\/wiki\/Mujer_Maravilla\">Mujer Maravilla<\/a>, <a title=\"Flash (c\u00f3mic)\" href=\"https:\/\/es.wikipedia.org\/wiki\/Flash_(c%C3%B3mic)\">Flash<\/a> (<a title=\"Barry Allen\" href=\"https:\/\/es.wikipedia.org\/wiki\/Barry_Allen\">Barry Allen<\/a>), <a title=\"Linterna Verde\" href=\"https:\/\/es.wikipedia.org\/wiki\/Linterna_Verde\">Linterna Verde<\/a> (<a class=\"mw-redirect\" title=\"Hal Jordan\" href=\"https:\/\/es.wikipedia.org\/wiki\/Hal_Jordan\">Hal Jordan<\/a>) y\u00a0<a title=\"Aquaman\" href=\"https:\/\/es.wikipedia.org\/wiki\/Aquaman\">Aquaman<\/a>\u00a0entre otros.<\/p>\n<p><img loading=\"lazy\" decoding=\"async\" class=\"alignnone size-full wp-image-12526\" src=\"http:\/\/nosolocomics.com\/blog\/wp-content\/uploads\/2016\/02\/liga-de-la-Justicia.jpg\" alt=\"liga-de-la-Justicia\" width=\"600\" height=\"450\" \/><\/p>\n<p>Le\u00eddo en <a href=\"http:\/\/www.uruloki.org\/felipeblog\/cine-de-cmics\/una-foto-que-oculta-secretos-de-la-preproduccion-de-the-justice-league-part-one-y-tres-nuevos-carteles-de-batman-v-superman-el-amanecer-de-la-justicia\">uruloki<\/a>.<\/p>\n","protected":false},"excerpt":{"rendered":"<p>Pues s\u00ed, a un mes escaso del estreno del renacer DC con Batman vs Superman, Zack Snyder nos muestra esta foto en twitter donde se lo ve junto a Jason Momoa, aka Aquaman, preparando lo que ser\u00e1 Justice League part 1 en uno de los talleres que se usan para preparar trajes, decorado y vestuario. [&hellip;]<\/p>\n","protected":false},"author":1,"featured_media":12525,"comment_status":"open","ping_status":"open","sticky":false,"template":"","format":"standard","meta":{"_monsterinsights_skip_tracking":false,"_monsterinsights_sitenote_active":false,"_monsterinsights_sitenote_note":"","_monsterinsights_sitenote_category":0,"footnotes":""},"categories":[8],"tags":[77],"class_list":["post-12524","post","type-post","status-publish","format-standard","has-post-thumbnail","hentry","category-seriespeliculas","tag-liga-de-la-justicia"],"aioseo_notices":[],"_links":{"self":[{"href":"https:\/\/www.nosolocomics.com\/blog\/wp-json\/wp\/v2\/posts\/12524","targetHints":{"allow":["GET"]}}],"collection":[{"href":"https:\/\/www.nosolocomics.com\/blog\/wp-json\/wp\/v2\/posts"}],"about":[{"href":"https:\/\/www.nosolocomics.com\/blog\/wp-json\/wp\/v2\/types\/post"}],"author":[{"embeddable":true,"href":"https:\/\/www.nosolocomics.com\/blog\/wp-json\/wp\/v2\/users\/1"}],"replies":[{"embeddable":true,"href":"https:\/\/www.nosolocomics.com\/blog\/wp-json\/wp\/v2\/comments?post=12524"}],"version-history":[{"count":2,"href":"https:\/\/www.nosolocomics.com\/blog\/wp-json\/wp\/v2\/posts\/12524\/revisions"}],"predecessor-version":[{"id":22908,"href":"https:\/\/www.nosolocomics.com\/blog\/wp-json\/wp\/v2\/posts\/12524\/revisions\/22908"}],"wp:featuredmedia":[{"embeddable":true,"href":"https:\/\/www.nosolocomics.com\/blog\/wp-json\/"}],"wp:attachment":[{"href":"https:\/\/www.nosolocomics.com\/blog\/wp-json\/wp\/v2\/media?parent=12524"}],"wp:term":[{"taxonomy":"category","embeddable":true,"href":"https:\/\/www.nosolocomics.com\/blog\/wp-json\/wp\/v2\/categories?post=12524"},{"taxonomy":"post_tag","embeddable":true,"href":"https:\/\/www.nosolocomics.com\/blog\/wp-json\/wp\/v2\/tags?post=12524"}],"curies":[{"name":"wp","href":"https:\/\/api.w.org\/{rel}","templated":true}]}}