{"id":12528,"date":"2016-02-26T23:01:01","date_gmt":"2016-02-26T23:01:01","guid":{"rendered":"http:\/\/nosolocomics.com\/?p=12528"},"modified":"2022-09-11T17:44:25","modified_gmt":"2022-09-11T17:44:25","slug":"daredevil-segundo-trailer-de-la-gran-segunda-temporada-que-nos-espera","status":"publish","type":"post","link":"https:\/\/www.nosolocomics.com\/blog\/seriespeliculas\/daredevil-segundo-trailer-de-la-gran-segunda-temporada-que-nos-espera\/","title":{"rendered":"Daredevil, segundo trailer de la gran segunda temporada que nos espera&#8230;"},"content":{"rendered":"\n\n<div class=\"kk-star-ratings kksr-auto kksr-align-left kksr-valign-top\"\n    data-payload='{&quot;align&quot;:&quot;left&quot;,&quot;id&quot;:&quot;12528&quot;,&quot;slug&quot;:&quot;default&quot;,&quot;valign&quot;:&quot;top&quot;,&quot;ignore&quot;:&quot;&quot;,&quot;reference&quot;:&quot;auto&quot;,&quot;class&quot;:&quot;&quot;,&quot;count&quot;:&quot;0&quot;,&quot;legendonly&quot;:&quot;&quot;,&quot;readonly&quot;:&quot;&quot;,&quot;score&quot;:&quot;0&quot;,&quot;starsonly&quot;:&quot;&quot;,&quot;best&quot;:&quot;5&quot;,&quot;gap&quot;:&quot;5&quot;,&quot;greet&quot;:&quot;Rate this post&quot;,&quot;legend&quot;:&quot;0\\\/5 - (0 votos)&quot;,&quot;size&quot;:&quot;22&quot;,&quot;title&quot;:&quot;Daredevil, segundo trailer de la gran segunda temporada que nos espera...&quot;,&quot;width&quot;:&quot;0&quot;,&quot;_legend&quot;:&quot;{score}\\\/{best} - ({count} {votes})&quot;,&quot;font_factor&quot;:&quot;1.25&quot;}'>\n            \n<div class=\"kksr-stars\">\n    \n<div class=\"kksr-stars-inactive\">\n            <div class=\"kksr-star\" data-star=\"1\" style=\"padding-right: 5px\">\n            \n\n<div class=\"kksr-icon\" style=\"width: 22px; height: 22px;\"><\/div>\n        <\/div>\n            <div class=\"kksr-star\" data-star=\"2\" style=\"padding-right: 5px\">\n            \n\n<div class=\"kksr-icon\" style=\"width: 22px; height: 22px;\"><\/div>\n        <\/div>\n            <div class=\"kksr-star\" data-star=\"3\" style=\"padding-right: 5px\">\n            \n\n<div class=\"kksr-icon\" style=\"width: 22px; height: 22px;\"><\/div>\n        <\/div>\n            <div class=\"kksr-star\" data-star=\"4\" style=\"padding-right: 5px\">\n            \n\n<div class=\"kksr-icon\" style=\"width: 22px; height: 22px;\"><\/div>\n        <\/div>\n            <div class=\"kksr-star\" data-star=\"5\" style=\"padding-right: 5px\">\n            \n\n<div class=\"kksr-icon\" style=\"width: 22px; height: 22px;\"><\/div>\n        <\/div>\n    <\/div>\n    \n<div class=\"kksr-stars-active\" style=\"width: 0px;\">\n            <div class=\"kksr-star\" style=\"padding-right: 5px\">\n            \n\n<div class=\"kksr-icon\" style=\"width: 22px; height: 22px;\"><\/div>\n        <\/div>\n            <div class=\"kksr-star\" style=\"padding-right: 5px\">\n            \n\n<div class=\"kksr-icon\" style=\"width: 22px; height: 22px;\"><\/div>\n        <\/div>\n            <div class=\"kksr-star\" style=\"padding-right: 5px\">\n            \n\n<div class=\"kksr-icon\" style=\"width: 22px; height: 22px;\"><\/div>\n        <\/div>\n            <div class=\"kksr-star\" style=\"padding-right: 5px\">\n            \n\n<div class=\"kksr-icon\" style=\"width: 22px; height: 22px;\"><\/div>\n        <\/div>\n            <div class=\"kksr-star\" style=\"padding-right: 5px\">\n            \n\n<div class=\"kksr-icon\" style=\"width: 22px; height: 22px;\"><\/div>\n        <\/div>\n    <\/div>\n<\/div>\n                \n\n<div class=\"kksr-legend\" style=\"font-size: 17.6px;\">\n            <span class=\"kksr-muted\">Rate this post<\/span>\n    <\/div>\n    <\/div>\n<p><strong>Daredevil<\/strong> promete mucho tambi\u00e9n en esta segunda temporada. Si hace unos d\u00edas os mostramos el primer trailer centrado en el que va a ser el gran antagonista de esta temporada,el antih\u00e9roe <strong><a href=\"https:\/\/es.wikipedia.org\/wiki\/Punisher\">Punisher<\/a><\/strong>, ahora este segundo trailer viene protagonizado por <strong><a href=\"https:\/\/es.wikipedia.org\/wiki\/Elektra_Natchios\">Elektra<\/a><\/strong>, su fiel aliada.<\/p>\n<p><iframe loading=\"lazy\" title=\"Daredevil de Marvel | Tr\u00e1iler oficial (Elektra) T2 | Netflix Espa\u00f1a\" width=\"640\" height=\"360\" src=\"https:\/\/www.youtube.com\/embed\/5l63QVHElHo?feature=oembed\" frameborder=\"0\" allow=\"accelerometer; autoplay; clipboard-write; encrypted-media; gyroscope; picture-in-picture; web-share\" referrerpolicy=\"strict-origin-when-cross-origin\" allowfullscreen><\/iframe><\/p>\n<p>En el trailer vemos que <strong>Daredevil<\/strong> sigue con las mismas pautas que en su primera temporada, sin escatimar medios en los efectos y las escenas de acci\u00f3n.<\/p>\n<p><img loading=\"lazy\" decoding=\"async\" class=\"alignnone size-full wp-image-12529\" src=\"http:\/\/nosolocomics.com\/blog\/wp-content\/uploads\/2016\/02\/Daredevilpunish.jpg\" alt=\"Daredevilpunish\" width=\"800\" height=\"1009\" \/><\/p>\n<p>Y mientras esperamos al 18 de marzo, cuando recordad que en la mejor tradici\u00f3n <strong>Netflix<\/strong> se lanzar\u00e1 la temporada completa, os dejamos con los \u00faltimos posters de estos dos personajazos: Elektra y Frank Castle (Punisher).<\/p>\n<p><img loading=\"lazy\" decoding=\"async\" class=\"alignnone size-full wp-image-12530\" src=\"http:\/\/nosolocomics.com\/blog\/wp-content\/uploads\/2016\/02\/Daredevil.jpg\" alt=\"Daredevil\" width=\"1280\" height=\"1280\" \/> <img loading=\"lazy\" decoding=\"async\" class=\"alignnone size-full wp-image-12531\" src=\"http:\/\/nosolocomics.com\/blog\/wp-content\/uploads\/2016\/02\/daredevil2.jpg\" alt=\"daredevil2\" width=\"1500\" height=\"1500\" \/> <img loading=\"lazy\" decoding=\"async\" class=\"alignnone size-full wp-image-12532\" src=\"http:\/\/nosolocomics.com\/blog\/wp-content\/uploads\/2016\/02\/daredevil3.jpg\" alt=\"daredevil3\" width=\"1500\" height=\"1500\" \/><\/p>\n","protected":false},"excerpt":{"rendered":"<p>Daredevil promete mucho tambi\u00e9n en esta segunda temporada. Si hace unos d\u00edas os mostramos el primer trailer centrado en el que va a ser el gran antagonista de esta temporada,el antih\u00e9roe Punisher, ahora este segundo trailer viene protagonizado por Elektra, su fiel aliada. En el trailer vemos que Daredevil sigue con las mismas pautas que [&hellip;]<\/p>\n","protected":false},"author":1,"featured_media":12530,"comment_status":"open","ping_status":"open","sticky":false,"template":"","format":"standard","meta":{"_monsterinsights_skip_tracking":false,"_monsterinsights_sitenote_active":false,"_monsterinsights_sitenote_note":"","_monsterinsights_sitenote_category":0,"footnotes":""},"categories":[8],"tags":[33,83],"class_list":["post-12528","post","type-post","status-publish","format-standard","has-post-thumbnail","hentry","category-seriespeliculas","tag-daredevil","tag-marvel"],"aioseo_notices":[],"_links":{"self":[{"href":"https:\/\/www.nosolocomics.com\/blog\/wp-json\/wp\/v2\/posts\/12528","targetHints":{"allow":["GET"]}}],"collection":[{"href":"https:\/\/www.nosolocomics.com\/blog\/wp-json\/wp\/v2\/posts"}],"about":[{"href":"https:\/\/www.nosolocomics.com\/blog\/wp-json\/wp\/v2\/types\/post"}],"author":[{"embeddable":true,"href":"https:\/\/www.nosolocomics.com\/blog\/wp-json\/wp\/v2\/users\/1"}],"replies":[{"embeddable":true,"href":"https:\/\/www.nosolocomics.com\/blog\/wp-json\/wp\/v2\/comments?post=12528"}],"version-history":[{"count":5,"href":"https:\/\/www.nosolocomics.com\/blog\/wp-json\/wp\/v2\/posts\/12528\/revisions"}],"predecessor-version":[{"id":23754,"href":"https:\/\/www.nosolocomics.com\/blog\/wp-json\/wp\/v2\/posts\/12528\/revisions\/23754"}],"wp:featuredmedia":[{"embeddable":true,"href":"https:\/\/www.nosolocomics.com\/blog\/wp-json\/"}],"wp:attachment":[{"href":"https:\/\/www.nosolocomics.com\/blog\/wp-json\/wp\/v2\/media?parent=12528"}],"wp:term":[{"taxonomy":"category","embeddable":true,"href":"https:\/\/www.nosolocomics.com\/blog\/wp-json\/wp\/v2\/categories?post=12528"},{"taxonomy":"post_tag","embeddable":true,"href":"https:\/\/www.nosolocomics.com\/blog\/wp-json\/wp\/v2\/tags?post=12528"}],"curies":[{"name":"wp","href":"https:\/\/api.w.org\/{rel}","templated":true}]}}