{"id":1260,"date":"2014-02-27T22:33:27","date_gmt":"2014-02-27T22:33:27","guid":{"rendered":"http:\/\/nosolocomics.com\/?p=1260"},"modified":"2022-09-11T17:44:44","modified_gmt":"2022-09-11T17:44:44","slug":"el-salo-del-comic-de-este-ano-dedicado-al-genero-belico","status":"publish","type":"post","link":"https:\/\/www.nosolocomics.com\/blog\/comics\/el-salo-del-comic-de-este-ano-dedicado-al-genero-belico\/","title":{"rendered":"El sal\u00f3 del c\u00f3mic de este a\u00f1o, dedicado al g\u00e9nero b\u00e9lico"},"content":{"rendered":"\n\n<div class=\"kk-star-ratings kksr-auto kksr-align-left kksr-valign-top\"\n    data-payload='{&quot;align&quot;:&quot;left&quot;,&quot;id&quot;:&quot;1260&quot;,&quot;slug&quot;:&quot;default&quot;,&quot;valign&quot;:&quot;top&quot;,&quot;ignore&quot;:&quot;&quot;,&quot;reference&quot;:&quot;auto&quot;,&quot;class&quot;:&quot;&quot;,&quot;count&quot;:&quot;0&quot;,&quot;legendonly&quot;:&quot;&quot;,&quot;readonly&quot;:&quot;&quot;,&quot;score&quot;:&quot;0&quot;,&quot;starsonly&quot;:&quot;&quot;,&quot;best&quot;:&quot;5&quot;,&quot;gap&quot;:&quot;5&quot;,&quot;greet&quot;:&quot;Rate this post&quot;,&quot;legend&quot;:&quot;0\\\/5 - (0 votos)&quot;,&quot;size&quot;:&quot;22&quot;,&quot;title&quot;:&quot;El sal\u00f3 del c\u00f3mic de este a\u00f1o, dedicado al g\u00e9nero b\u00e9lico&quot;,&quot;width&quot;:&quot;0&quot;,&quot;_legend&quot;:&quot;{score}\\\/{best} - ({count} {votes})&quot;,&quot;font_factor&quot;:&quot;1.25&quot;}'>\n            \n<div class=\"kksr-stars\">\n    \n<div class=\"kksr-stars-inactive\">\n            <div class=\"kksr-star\" data-star=\"1\" style=\"padding-right: 5px\">\n            \n\n<div class=\"kksr-icon\" style=\"width: 22px; height: 22px;\"><\/div>\n        <\/div>\n            <div class=\"kksr-star\" data-star=\"2\" style=\"padding-right: 5px\">\n            \n\n<div class=\"kksr-icon\" style=\"width: 22px; height: 22px;\"><\/div>\n        <\/div>\n            <div class=\"kksr-star\" data-star=\"3\" style=\"padding-right: 5px\">\n            \n\n<div class=\"kksr-icon\" style=\"width: 22px; height: 22px;\"><\/div>\n        <\/div>\n            <div class=\"kksr-star\" data-star=\"4\" style=\"padding-right: 5px\">\n            \n\n<div class=\"kksr-icon\" style=\"width: 22px; height: 22px;\"><\/div>\n        <\/div>\n            <div class=\"kksr-star\" data-star=\"5\" style=\"padding-right: 5px\">\n            \n\n<div class=\"kksr-icon\" style=\"width: 22px; height: 22px;\"><\/div>\n        <\/div>\n    <\/div>\n    \n<div class=\"kksr-stars-active\" style=\"width: 0px;\">\n            <div class=\"kksr-star\" style=\"padding-right: 5px\">\n            \n\n<div class=\"kksr-icon\" style=\"width: 22px; height: 22px;\"><\/div>\n        <\/div>\n            <div class=\"kksr-star\" style=\"padding-right: 5px\">\n            \n\n<div class=\"kksr-icon\" style=\"width: 22px; height: 22px;\"><\/div>\n        <\/div>\n            <div class=\"kksr-star\" style=\"padding-right: 5px\">\n            \n\n<div class=\"kksr-icon\" style=\"width: 22px; height: 22px;\"><\/div>\n        <\/div>\n            <div class=\"kksr-star\" style=\"padding-right: 5px\">\n            \n\n<div class=\"kksr-icon\" style=\"width: 22px; height: 22px;\"><\/div>\n        <\/div>\n            <div class=\"kksr-star\" style=\"padding-right: 5px\">\n            \n\n<div class=\"kksr-icon\" style=\"width: 22px; height: 22px;\"><\/div>\n        <\/div>\n    <\/div>\n<\/div>\n                \n\n<div class=\"kksr-legend\" style=\"font-size: 17.6px;\">\n            <span class=\"kksr-muted\">Rate this post<\/span>\n    <\/div>\n    <\/div>\n<p>Ya llega el sal\u00f3n del c\u00f3mic de Barcelona de este a\u00f1o. Aqu\u00ed ten\u00e9is el cartel de presentaci\u00f3n.<\/p>\n<p>Este a\u00f1o, dedicado de forma especial a la guerra, en un a\u00f1o donde \u00e9sta ha sido retratada en grandes obras, como son <strong>Los surcos del azar <\/strong>de Paco Roca, c\u00f3mic espa\u00f1ol del a\u00f1o o <a href=\"http:\/\/nosolocomics.com\/?s=erase+una+vez+en+francia\"><strong>\u00c9rase una vez en Francia<\/strong><\/a>de\u00a0<strong>Sylvain Vall\u00e9e<\/strong>\u00a0y\u00a0<strong>Fabien Nury, <\/strong>c\u00f3mic europeo del a\u00f1o<strong>. <\/strong><a href=\"http:\/\/www.zonanegativa.com\/los-surcos-del-azar\/\">Aqu\u00ed<\/a>\u00a0pod\u00e9is un muy buen art\u00edculo sobre la primera de ellas en <strong>Zona Negativa<\/strong>\u00a0y <a href=\"http:\/\/www.fancueva.com\/comic\/erase-una-vez-en-francia-volumen-1-una-obra-maestra\/\">aqu\u00ed <\/a>y <a href=\"http:\/\/www.fancueva.com\/comic\/erase-una-vez-en-francia-vols-2-3-el-comic-europeo-del-ano\/\">aqu\u00ed <\/a>unas breves rese\u00f1as sobre los 3 vol\u00famenes de la segunda en <strong>Fancueva<\/strong> que os daran m\u00e1s detalles de estas dos obras francamente recomendables, tanto para amantes del c\u00f3mic b\u00e9lico como del c\u00f3mic en general. (Aqu\u00ed puedes adquirir ambas obras).<\/p>\n<ul>\n<li style=\"display: inline;\"><iframe loading=\"lazy\" style=\"width: 120px; height: 240px;\" src=\"http:\/\/rcm-eu.amazon-adsystem.com\/e\/cm?lt1=_blank&amp;bc1=FFFFFF&amp;IS2=1&amp;bg1=FFFFFF&amp;fc1=000000&amp;lc1=0000FF&amp;t=nosolocomic06-21&amp;o=30&amp;p=8&amp;l=as4&amp;m=amazon&amp;f=ifr&amp;ref=ss_til&amp;asins=841568536X\" height=\"240\" width=\"320\" frameborder=\"0\" marginwidth=\"0\" marginheight=\"0\" scrolling=\"no\"><\/iframe><\/li>\n<li style=\"display: inline;\"><iframe loading=\"lazy\" style=\"width: 120px; height: 240px;\" src=\"http:\/\/rcm-eu.amazon-adsystem.com\/e\/cm?lt1=_blank&amp;bc1=FFFFFF&amp;IS2=1&amp;bg1=FFFFFF&amp;fc1=000000&amp;lc1=0000FF&amp;t=nosolocomic06-21&amp;o=30&amp;p=8&amp;l=as4&amp;m=amazon&amp;f=ifr&amp;ref=ss_til&amp;asins=8467910984\" height=\"240\" width=\"320\" frameborder=\"0\" marginwidth=\"0\" marginheight=\"0\" scrolling=\"no\"><\/iframe><\/li>\n<li style=\"display: inline;\"><iframe loading=\"lazy\" style=\"width: 120px; height: 240px;\" src=\"http:\/\/rcm-eu.amazon-adsystem.com\/e\/cm?lt1=_blank&amp;bc1=FFFFFF&amp;IS2=1&amp;bg1=FFFFFF&amp;fc1=000000&amp;lc1=0000FF&amp;t=nosolocomic06-21&amp;o=30&amp;p=8&amp;l=as4&amp;m=amazon&amp;f=ifr&amp;ref=ss_til&amp;asins=8467911875\" height=\"240\" width=\"320\" frameborder=\"0\" marginwidth=\"0\" marginheight=\"0\" scrolling=\"no\"><\/iframe><\/li>\n<li style=\"display: inline;\"><iframe loading=\"lazy\" style=\"width: 120px; height: 240px;\" src=\"http:\/\/rcm-eu.amazon-adsystem.com\/e\/cm?lt1=_blank&amp;bc1=FFFFFF&amp;IS2=1&amp;bg1=FFFFFF&amp;fc1=000000&amp;lc1=0000FF&amp;t=nosolocomic06-21&amp;o=30&amp;p=8&amp;l=as4&amp;m=amazon&amp;f=ifr&amp;ref=ss_til&amp;asins=8467912979\" height=\"240\" width=\"320\" frameborder=\"0\" marginwidth=\"0\" marginheight=\"0\" scrolling=\"no\"><\/iframe><\/li>\n<\/ul>\n<p><img decoding=\"async\" alt=\"\" src=\"http:\/\/www.zonanegativa.com\/imagenes\/2013\/12\/lossurcosdelazar-roca-pagina3-e1387115031355.jpg\" \/><\/p>\n<p><em><strong>Imagen: Los surcos del azar<\/strong><\/em><\/p>\n<p><img decoding=\"async\" alt=\"Erase una vez en Francia 1\" src=\"http:\/\/www.fancueva.com\/wp-content\/uploads\/2013\/11\/Erase-una-vez-en-Francia-1.jpg\" \/><\/p>\n<p><em><strong>Imagen: \u00c9rase una vez en Francia<\/strong><\/em><\/p>\n<p>Pero volvamos al sal\u00f3n que para eso estamos aqu\u00ed. El sal\u00f3n se celebrar\u00e1 en los palacios 1 y 2 de la Fira de Barcelona de Montjuic con <strong>32.000 m2, un 70% m\u00e1s que el a\u00f1o pasado<\/strong> (aunque todav\u00eda no somos el Mobile World Congress que esta semana se celebra tambi\u00e9n en BCN y cuenta con nada menos que 98.000 m2, tiempo al tiempo&#8230;). Se esperan un mont\u00f3n de visitantes, veremos si llegamos a los 115.000 visitantes del sal\u00f3n del manga de este a\u00f1o&#8230;<\/p>\n<p>Y querr\u00e9is saber cu\u00e1ndo, no? Pues ya mismo, <strong>del 15 al 18 de mayo<\/strong>. Con una programaci\u00f3n que contar\u00e1 con diversas exposiciones como se cita en la nota de prensa, tanto dedicadas al g\u00e9nero b\u00e9lico como a, atenci\u00f3n <strong>Batman<\/strong> y <strong>Lobezno<\/strong>:<\/p>\n<p style=\"padding-left: 30px;\"><em>\u00abC\u00f3mics en guerra es el t\u00edtulo de una gran exposici\u00f3n concebida como una instalaci\u00f3n que aportar\u00e1 una visi\u00f3n antol\u00f3gica de las vi\u00f1etas b\u00e9licas, dividida cronol\u00f3gicamente en los diversos periodos de la Historia, adem\u00e1s de apartados dedicados a los corresponsales de guerra y a los genocidios y exilios. La muestra contar\u00e1 con m\u00e1s de 200 originales de c\u00f3mics e ilustraciones de autores de diferentes nacionalidades, adem\u00e1s de una puesta en escena espectacular con la colaboraci\u00f3n de diferentes asociaciones de reconstrucci\u00f3n hist\u00f3rica. Esta actividad ocupar\u00e1 todo el recinto del Palacio 1, una superficie de unos 12.000 metros cuadrados. \u201cLa exposici\u00f3n contar\u00e1 con la recreaci\u00f3n escenogr\u00e1fica de diferentes guerras, donde tendremos a los Miquelets y la Coronela de Barcelona, una unidad del Ej\u00e9rcito del Ebro y la Compa\u00f1\u00eda 9, formada por republicanos exiliados, que liber\u00f3 Par\u00eds en 1944\u201d. Adem\u00e1s, habr\u00e1 espacio para conferencias, juegos de estrategia, maquetas y videoproyecciones\u00bb<\/em><\/p>\n<p style=\"padding-left: 30px;\"><em>\u00ab&#8230; Destacando tambi\u00e9n las muestras antol\u00f3gicas dedicadas a los 75 a\u00f1os de Batman y Lobezno. La madurez del superh\u00e9roe, personaje creado por Len Wein y Herb Trimpe y que celebra su 40 aniversario. Por supuesto, tambi\u00e9n tendremos las exposiciones de los ganadores de los premios de la pasada edici\u00f3n, como la del Gran Premio del Sal\u00f3n del C\u00f3mic 2013, que fue para Purita Campos, y la de Miguelanxo Prado que gan\u00f3 el premio a la Mejor Obra del pasado Sal\u00f3n por Ardal\u00e9n. El egarense Oriol Hern\u00e1ndez y La piel del oso, premio al Autor Revelaci\u00f3n, galard\u00f3n patrocinado por la Fundaci\u00f3n Divina Pastora, y el fanzine Adobo, Premio al Mejor Fanzine, tambi\u00e9n tendr\u00e1n sendas exposiciones. \u00ab<\/em><\/p>\n<p><a href=\"http:\/\/www.ficomic.com\/NOTICIES\/detall.cfm\/ID\/8804\/T\/el-32-salon-comic-barcelona-se-va-guerra.htm\"><em><strong>Nota de presentaci\u00f3n del Sal\u00f3 del c\u00f3mic<\/strong><\/em><\/a><\/p>\n<p>&nbsp;<\/p>\n","protected":false},"excerpt":{"rendered":"<p>Ya llega el sal\u00f3n del c\u00f3mic de Barcelona de este a\u00f1o. Aqu\u00ed ten\u00e9is el cartel de presentaci\u00f3n. Este a\u00f1o, dedicado de forma especial a la guerra, en un a\u00f1o donde \u00e9sta ha sido retratada en grandes obras, como son Los surcos del azar de Paco Roca, c\u00f3mic espa\u00f1ol del a\u00f1o o \u00c9rase una vez en [&hellip;]<\/p>\n","protected":false},"author":1,"featured_media":1272,"comment_status":"open","ping_status":"open","sticky":false,"template":"","format":"standard","meta":{"_monsterinsights_skip_tracking":false,"_monsterinsights_sitenote_active":false,"_monsterinsights_sitenote_note":"","_monsterinsights_sitenote_category":0,"footnotes":""},"categories":[3],"tags":[],"class_list":["post-1260","post","type-post","status-publish","format-standard","has-post-thumbnail","hentry","category-comics"],"aioseo_notices":[],"_links":{"self":[{"href":"https:\/\/www.nosolocomics.com\/blog\/wp-json\/wp\/v2\/posts\/1260","targetHints":{"allow":["GET"]}}],"collection":[{"href":"https:\/\/www.nosolocomics.com\/blog\/wp-json\/wp\/v2\/posts"}],"about":[{"href":"https:\/\/www.nosolocomics.com\/blog\/wp-json\/wp\/v2\/types\/post"}],"author":[{"embeddable":true,"href":"https:\/\/www.nosolocomics.com\/blog\/wp-json\/wp\/v2\/users\/1"}],"replies":[{"embeddable":true,"href":"https:\/\/www.nosolocomics.com\/blog\/wp-json\/wp\/v2\/comments?post=1260"}],"version-history":[{"count":3,"href":"https:\/\/www.nosolocomics.com\/blog\/wp-json\/wp\/v2\/posts\/1260\/revisions"}],"predecessor-version":[{"id":23799,"href":"https:\/\/www.nosolocomics.com\/blog\/wp-json\/wp\/v2\/posts\/1260\/revisions\/23799"}],"wp:featuredmedia":[{"embeddable":true,"href":"https:\/\/www.nosolocomics.com\/blog\/wp-json\/wp\/v2\/media\/1272"}],"wp:attachment":[{"href":"https:\/\/www.nosolocomics.com\/blog\/wp-json\/wp\/v2\/media?parent=1260"}],"wp:term":[{"taxonomy":"category","embeddable":true,"href":"https:\/\/www.nosolocomics.com\/blog\/wp-json\/wp\/v2\/categories?post=1260"},{"taxonomy":"post_tag","embeddable":true,"href":"https:\/\/www.nosolocomics.com\/blog\/wp-json\/wp\/v2\/tags?post=1260"}],"curies":[{"name":"wp","href":"https:\/\/api.w.org\/{rel}","templated":true}]}}