{"id":12901,"date":"2016-08-22T07:00:47","date_gmt":"2016-08-22T07:00:47","guid":{"rendered":"http:\/\/nosolocomics.com\/?p=12901"},"modified":"2016-08-22T07:00:47","modified_gmt":"2016-08-22T07:00:47","slug":"universo-dc-mas-fuerte-nunca","status":"publish","type":"post","link":"https:\/\/www.nosolocomics.com\/blog\/comics\/universo-dc-mas-fuerte-nunca\/","title":{"rendered":"El universo DC m\u00e1s fuerte que nunca&#8230;"},"content":{"rendered":"\n\n<div class=\"kk-star-ratings kksr-auto kksr-align-left kksr-valign-top\"\n    data-payload='{&quot;align&quot;:&quot;left&quot;,&quot;id&quot;:&quot;12901&quot;,&quot;slug&quot;:&quot;default&quot;,&quot;valign&quot;:&quot;top&quot;,&quot;ignore&quot;:&quot;&quot;,&quot;reference&quot;:&quot;auto&quot;,&quot;class&quot;:&quot;&quot;,&quot;count&quot;:&quot;0&quot;,&quot;legendonly&quot;:&quot;&quot;,&quot;readonly&quot;:&quot;&quot;,&quot;score&quot;:&quot;0&quot;,&quot;starsonly&quot;:&quot;&quot;,&quot;best&quot;:&quot;5&quot;,&quot;gap&quot;:&quot;5&quot;,&quot;greet&quot;:&quot;Rate this post&quot;,&quot;legend&quot;:&quot;0\\\/5 - (0 votos)&quot;,&quot;size&quot;:&quot;22&quot;,&quot;title&quot;:&quot;El universo DC m\u00e1s fuerte que nunca...&quot;,&quot;width&quot;:&quot;0&quot;,&quot;_legend&quot;:&quot;{score}\\\/{best} - ({count} {votes})&quot;,&quot;font_factor&quot;:&quot;1.25&quot;}'>\n            \n<div class=\"kksr-stars\">\n    \n<div class=\"kksr-stars-inactive\">\n            <div class=\"kksr-star\" data-star=\"1\" style=\"padding-right: 5px\">\n            \n\n<div class=\"kksr-icon\" style=\"width: 22px; height: 22px;\"><\/div>\n        <\/div>\n            <div class=\"kksr-star\" data-star=\"2\" style=\"padding-right: 5px\">\n            \n\n<div class=\"kksr-icon\" style=\"width: 22px; height: 22px;\"><\/div>\n        <\/div>\n            <div class=\"kksr-star\" data-star=\"3\" style=\"padding-right: 5px\">\n            \n\n<div class=\"kksr-icon\" style=\"width: 22px; height: 22px;\"><\/div>\n        <\/div>\n            <div class=\"kksr-star\" data-star=\"4\" style=\"padding-right: 5px\">\n            \n\n<div class=\"kksr-icon\" style=\"width: 22px; height: 22px;\"><\/div>\n        <\/div>\n            <div class=\"kksr-star\" data-star=\"5\" style=\"padding-right: 5px\">\n            \n\n<div class=\"kksr-icon\" style=\"width: 22px; height: 22px;\"><\/div>\n        <\/div>\n    <\/div>\n    \n<div class=\"kksr-stars-active\" style=\"width: 0px;\">\n            <div class=\"kksr-star\" style=\"padding-right: 5px\">\n            \n\n<div class=\"kksr-icon\" style=\"width: 22px; height: 22px;\"><\/div>\n        <\/div>\n            <div class=\"kksr-star\" style=\"padding-right: 5px\">\n            \n\n<div class=\"kksr-icon\" style=\"width: 22px; height: 22px;\"><\/div>\n        <\/div>\n            <div class=\"kksr-star\" style=\"padding-right: 5px\">\n            \n\n<div class=\"kksr-icon\" style=\"width: 22px; height: 22px;\"><\/div>\n        <\/div>\n            <div class=\"kksr-star\" style=\"padding-right: 5px\">\n            \n\n<div class=\"kksr-icon\" style=\"width: 22px; height: 22px;\"><\/div>\n        <\/div>\n            <div class=\"kksr-star\" style=\"padding-right: 5px\">\n            \n\n<div class=\"kksr-icon\" style=\"width: 22px; height: 22px;\"><\/div>\n        <\/div>\n    <\/div>\n<\/div>\n                \n\n<div class=\"kksr-legend\" style=\"font-size: 17.6px;\">\n            <span class=\"kksr-muted\">Rate this post<\/span>\n    <\/div>\n    <\/div>\n<p>Aunque cosechando bastantes cr\u00edticas, el universo DC est\u00e1 m\u00e1s fuerte que nunca&#8230; <strong>Batman vs Superman<\/strong> que fue un \u00e9xito de p\u00fablico (no de cr\u00edtica, donde la han molido a palos) y que propici\u00f3 que se confirme un film en solitario del <strong>Batman<\/strong> que dirigir\u00e1 y protagonizar\u00e1 <a href=\"https:\/\/es.wikipedia.org\/wiki\/Ben_Affleck\"><strong>Ben Affleck<\/strong><\/a>\u00a0y<strong> Suicide Squad\u00a0<\/strong>con un balance similar (ya va por los 500 millones de d\u00f3lares y cost\u00f3 s\u00f3lo 170 :-)).<\/p>\n<p>Ahora llega el siguiente\u00a0asalto (a la manera de las fases de Marvel, aunque aqu\u00ed todav\u00eda estemos en la primera fase) y se nos presentan sendos trailers de la <strong>Liga de la Justicia<\/strong> y <strong>Wonder Woman<\/strong>. Si lo de Wonder Woman estaba cantado por acercarse la fecha el estreno (junio 2017), lo de nuestra Liga (noviembre 2017)habr\u00e1 sido para aprovechar el tir\u00f3n de ese pol\u00e9mico Suicide Squad. Aqu\u00ed ten\u00e9is los dos, un Wonder Woman que ha generado mucha expectaci\u00f3n y una Liga de la Justicia que ha causado mucho revuelo y ha levantado los \u00e1nimos de la hinchada DC.<\/p>\n<p><iframe loading=\"lazy\" title=\"Justice League Special Comic-Con Footage\" width=\"640\" height=\"360\" src=\"https:\/\/www.youtube.com\/embed\/gglkYMGRYlE?feature=oembed\" frameborder=\"0\" allow=\"accelerometer; autoplay; clipboard-write; encrypted-media; gyroscope; picture-in-picture; web-share\" referrerpolicy=\"strict-origin-when-cross-origin\" allowfullscreen><\/iframe><\/p>\n<p><iframe loading=\"lazy\" title=\"Wonder Woman - Tr\u00e1iler Comic-Con Castellano HD\" width=\"640\" height=\"360\" src=\"https:\/\/www.youtube.com\/embed\/vHMOq8r8H8E?feature=oembed\" frameborder=\"0\" allow=\"accelerometer; autoplay; clipboard-write; encrypted-media; gyroscope; picture-in-picture; web-share\" referrerpolicy=\"strict-origin-when-cross-origin\" allowfullscreen><\/iframe><\/p>\n<p>Y por si fuera poco, se confirma que <a href=\"http:\/\/www.xataka.com\/cine-y-tv\/nueva-pelicula-de-superman-la-secuela-de-man-of-steel-entra-a-etapa-de-pre-produccion\">habr\u00e1 otra pel\u00edcula en solitario de <\/a><strong>Superman\u00a0<\/strong>con el ya conocido <a href=\"https:\/\/es.wikipedia.org\/wiki\/Henry_Cavill\"><strong>Henry Cavill<\/strong><\/a>&#8230;<\/p>\n<p>Esto est\u00e1 que arde&#8230;<\/p>\n","protected":false},"excerpt":{"rendered":"<p>Aunque cosechando bastantes cr\u00edticas, el universo DC est\u00e1 m\u00e1s fuerte que nunca&#8230; Batman vs Superman que fue un \u00e9xito de p\u00fablico (no de cr\u00edtica, donde la han molido a palos) y que propici\u00f3 que se confirme un film en solitario del Batman que dirigir\u00e1 y protagonizar\u00e1 Ben Affleck\u00a0y Suicide Squad\u00a0con un balance similar (ya va [&hellip;]<\/p>\n","protected":false},"author":1,"featured_media":12902,"comment_status":"open","ping_status":"open","sticky":false,"template":"","format":"standard","meta":{"_monsterinsights_skip_tracking":false,"_monsterinsights_sitenote_active":false,"_monsterinsights_sitenote_note":"","_monsterinsights_sitenote_category":0,"footnotes":""},"categories":[3,8],"tags":[22,35,110,126],"class_list":["post-12901","post","type-post","status-publish","format-standard","has-post-thumbnail","hentry","category-comics","category-seriespeliculas","tag-batman","tag-dc-comics","tag-superman","tag-wonder-woman"],"aioseo_notices":[],"_links":{"self":[{"href":"https:\/\/www.nosolocomics.com\/blog\/wp-json\/wp\/v2\/posts\/12901","targetHints":{"allow":["GET"]}}],"collection":[{"href":"https:\/\/www.nosolocomics.com\/blog\/wp-json\/wp\/v2\/posts"}],"about":[{"href":"https:\/\/www.nosolocomics.com\/blog\/wp-json\/wp\/v2\/types\/post"}],"author":[{"embeddable":true,"href":"https:\/\/www.nosolocomics.com\/blog\/wp-json\/wp\/v2\/users\/1"}],"replies":[{"embeddable":true,"href":"https:\/\/www.nosolocomics.com\/blog\/wp-json\/wp\/v2\/comments?post=12901"}],"version-history":[{"count":0,"href":"https:\/\/www.nosolocomics.com\/blog\/wp-json\/wp\/v2\/posts\/12901\/revisions"}],"wp:featuredmedia":[{"embeddable":true,"href":"https:\/\/www.nosolocomics.com\/blog\/wp-json\/"}],"wp:attachment":[{"href":"https:\/\/www.nosolocomics.com\/blog\/wp-json\/wp\/v2\/media?parent=12901"}],"wp:term":[{"taxonomy":"category","embeddable":true,"href":"https:\/\/www.nosolocomics.com\/blog\/wp-json\/wp\/v2\/categories?post=12901"},{"taxonomy":"post_tag","embeddable":true,"href":"https:\/\/www.nosolocomics.com\/blog\/wp-json\/wp\/v2\/tags?post=12901"}],"curies":[{"name":"wp","href":"https:\/\/api.w.org\/{rel}","templated":true}]}}