{"id":13062,"date":"2016-09-10T18:32:57","date_gmt":"2016-09-10T18:32:57","guid":{"rendered":"http:\/\/nosolocomics.com\/?p=13062"},"modified":"2022-09-11T17:44:26","modified_gmt":"2022-09-11T17:44:26","slug":"senor-los-anillos-ha-cumplido-15-anos-recuerdalo-este-espectacular-montaje-algo-mas","status":"publish","type":"post","link":"https:\/\/www.nosolocomics.com\/blog\/seriespeliculas\/senor-los-anillos-ha-cumplido-15-anos-recuerdalo-este-espectacular-montaje-algo-mas\/","title":{"rendered":"El se\u00f1or de los anillos ha cumplido 15 a\u00f1os&#8230; recu\u00e9rdalo con este espectacular montaje y algo m\u00e1s&#8230;"},"content":{"rendered":"\n\n<div class=\"kk-star-ratings kksr-auto kksr-align-left kksr-valign-top\"\n    data-payload='{&quot;align&quot;:&quot;left&quot;,&quot;id&quot;:&quot;13062&quot;,&quot;slug&quot;:&quot;default&quot;,&quot;valign&quot;:&quot;top&quot;,&quot;ignore&quot;:&quot;&quot;,&quot;reference&quot;:&quot;auto&quot;,&quot;class&quot;:&quot;&quot;,&quot;count&quot;:&quot;0&quot;,&quot;legendonly&quot;:&quot;&quot;,&quot;readonly&quot;:&quot;&quot;,&quot;score&quot;:&quot;0&quot;,&quot;starsonly&quot;:&quot;&quot;,&quot;best&quot;:&quot;5&quot;,&quot;gap&quot;:&quot;5&quot;,&quot;greet&quot;:&quot;Rate this post&quot;,&quot;legend&quot;:&quot;0\\\/5 - (0 votos)&quot;,&quot;size&quot;:&quot;22&quot;,&quot;title&quot;:&quot;El se\u00f1or de los anillos ha cumplido 15 a\u00f1os... recu\u00e9rdalo con este espectacular montaje y algo m\u00e1s...&quot;,&quot;width&quot;:&quot;0&quot;,&quot;_legend&quot;:&quot;{score}\\\/{best} - ({count} {votes})&quot;,&quot;font_factor&quot;:&quot;1.25&quot;}'>\n            \n<div class=\"kksr-stars\">\n    \n<div class=\"kksr-stars-inactive\">\n            <div class=\"kksr-star\" data-star=\"1\" style=\"padding-right: 5px\">\n            \n\n<div class=\"kksr-icon\" style=\"width: 22px; height: 22px;\"><\/div>\n        <\/div>\n            <div class=\"kksr-star\" data-star=\"2\" style=\"padding-right: 5px\">\n            \n\n<div class=\"kksr-icon\" style=\"width: 22px; height: 22px;\"><\/div>\n        <\/div>\n            <div class=\"kksr-star\" data-star=\"3\" style=\"padding-right: 5px\">\n            \n\n<div class=\"kksr-icon\" style=\"width: 22px; height: 22px;\"><\/div>\n        <\/div>\n            <div class=\"kksr-star\" data-star=\"4\" style=\"padding-right: 5px\">\n            \n\n<div class=\"kksr-icon\" style=\"width: 22px; height: 22px;\"><\/div>\n        <\/div>\n            <div class=\"kksr-star\" data-star=\"5\" style=\"padding-right: 5px\">\n            \n\n<div class=\"kksr-icon\" style=\"width: 22px; height: 22px;\"><\/div>\n        <\/div>\n    <\/div>\n    \n<div class=\"kksr-stars-active\" style=\"width: 0px;\">\n            <div class=\"kksr-star\" style=\"padding-right: 5px\">\n            \n\n<div class=\"kksr-icon\" style=\"width: 22px; height: 22px;\"><\/div>\n        <\/div>\n            <div class=\"kksr-star\" style=\"padding-right: 5px\">\n            \n\n<div class=\"kksr-icon\" style=\"width: 22px; height: 22px;\"><\/div>\n        <\/div>\n            <div class=\"kksr-star\" style=\"padding-right: 5px\">\n            \n\n<div class=\"kksr-icon\" style=\"width: 22px; height: 22px;\"><\/div>\n        <\/div>\n            <div class=\"kksr-star\" style=\"padding-right: 5px\">\n            \n\n<div class=\"kksr-icon\" style=\"width: 22px; height: 22px;\"><\/div>\n        <\/div>\n            <div class=\"kksr-star\" style=\"padding-right: 5px\">\n            \n\n<div class=\"kksr-icon\" style=\"width: 22px; height: 22px;\"><\/div>\n        <\/div>\n    <\/div>\n<\/div>\n                \n\n<div class=\"kksr-legend\" style=\"font-size: 17.6px;\">\n            <span class=\"kksr-muted\">Rate this post<\/span>\n    <\/div>\n    <\/div>\n<p>Pues s\u00ed. Este verano se han cumplido 15 a\u00f1os del estreno de <em><strong>La Comunidad del Anillo<\/strong><\/em>, el primer filme de esa grandiosa trilog\u00eda que fue, es y ser\u00e1 la adaptaci\u00f3n de <a href=\"https:\/\/es.wikipedia.org\/wiki\/Peter_Jackson\"><strong>Peter Jackson<\/strong> <\/a>de los libros de <strong><a href=\"https:\/\/es.wikipedia.org\/wiki\/J._R._R._Tolkien\">Tolkien<\/a><\/strong>. Y para celebrarlo, un fan ha construido su propio trailer con fragmentos de esa primera pel\u00edcula&#8230;<\/p>\n<p><iframe loading=\"lazy\" title=\"Fellowship of the Ring: 15th Anniversary Trailer\" width=\"640\" height=\"360\" src=\"https:\/\/www.youtube.com\/embed\/WAZs_hEQ83Y?feature=oembed\" frameborder=\"0\" allow=\"accelerometer; autoplay; clipboard-write; encrypted-media; gyroscope; picture-in-picture; web-share\" referrerpolicy=\"strict-origin-when-cross-origin\" allowfullscreen><\/iframe><\/p>\n<p>\u00bfQu\u00e9 os parece? Buenos recuerdos, verdad? Pero si os hab\u00e9is quedado con ganas de m\u00e1s, all\u00e1 van los 3 trailers originales de las pel\u00edculas.<\/p>\n<p><iframe loading=\"lazy\" title=\"El Se\u00f1or De Los Anillos: La Comunidad Del Anillo. Tr\u00e1iler En Espa\u00f1ol HD 1080P\" width=\"640\" height=\"360\" src=\"https:\/\/www.youtube.com\/embed\/3GJp6p_mgPo?start=7&#038;feature=oembed\" frameborder=\"0\" allow=\"accelerometer; autoplay; clipboard-write; encrypted-media; gyroscope; picture-in-picture; web-share\" referrerpolicy=\"strict-origin-when-cross-origin\" allowfullscreen><\/iframe><\/p>\n<p><iframe loading=\"lazy\" title=\"El Se\u00f1or De Los Anillos: Las Dos Torres. Tr\u00e1iler En Espa\u00f1ol HD 1080P\" width=\"640\" height=\"360\" src=\"https:\/\/www.youtube.com\/embed\/yZLxtW7qq48?feature=oembed\" frameborder=\"0\" allow=\"accelerometer; autoplay; clipboard-write; encrypted-media; gyroscope; picture-in-picture; web-share\" referrerpolicy=\"strict-origin-when-cross-origin\" allowfullscreen><\/iframe><\/p>\n<p><iframe loading=\"lazy\" title=\"El Se\u00f1or De Los Anillos: El Retorno Del Rey. Tr\u00e1iler En Espa\u00f1ol HD 1080P\" width=\"640\" height=\"360\" src=\"https:\/\/www.youtube.com\/embed\/h-9RYiqyqjk?feature=oembed\" frameborder=\"0\" allow=\"accelerometer; autoplay; clipboard-write; encrypted-media; gyroscope; picture-in-picture; web-share\" referrerpolicy=\"strict-origin-when-cross-origin\" allowfullscreen><\/iframe><\/p>\n<p>Fue una gozada, \u00bfverdad?. Con las pel\u00edculas,\u00a0tuvimos la ocasi\u00f3n de visualizar ese gran universo que es la <strong>Tierra Media<\/strong> de una forma que nunca habr\u00edamos so\u00f1ado. Esos paisajes, los actores y sus personalidades, todo encajaba a la perfecci\u00f3n con la obra original.<\/p>\n<p><img loading=\"lazy\" decoding=\"async\" class=\"alignnone size-full wp-image-13063\" src=\"http:\/\/nosolocomics.com\/blog\/wp-content\/uploads\/2016\/09\/reparto.jpg\" alt=\"reparto\" width=\"1366\" height=\"854\" \/><\/p>\n<p>Para saber m\u00e1s, puedes visitar nuestro Especial El se\u00f1or de los Anillos en nosolocomics.<\/p>\n","protected":false},"excerpt":{"rendered":"<p>Pues s\u00ed. Este verano se han cumplido 15 a\u00f1os del estreno de La Comunidad del Anillo, el primer filme de esa grandiosa trilog\u00eda que fue, es y ser\u00e1 la adaptaci\u00f3n de Peter Jackson de los libros de Tolkien. Y para celebrarlo, un fan ha construido su propio trailer con fragmentos de esa primera pel\u00edcula&#8230; \u00bfQu\u00e9 [&hellip;]<\/p>\n","protected":false},"author":1,"featured_media":13065,"comment_status":"open","ping_status":"open","sticky":false,"template":"","format":"standard","meta":{"_monsterinsights_skip_tracking":false,"_monsterinsights_sitenote_active":false,"_monsterinsights_sitenote_note":"","_monsterinsights_sitenote_category":0,"footnotes":""},"categories":[8],"tags":[100],"class_list":["post-13062","post","type-post","status-publish","format-standard","has-post-thumbnail","hentry","category-seriespeliculas","tag-senor-de-los-anillos"],"aioseo_notices":[],"_links":{"self":[{"href":"https:\/\/www.nosolocomics.com\/blog\/wp-json\/wp\/v2\/posts\/13062","targetHints":{"allow":["GET"]}}],"collection":[{"href":"https:\/\/www.nosolocomics.com\/blog\/wp-json\/wp\/v2\/posts"}],"about":[{"href":"https:\/\/www.nosolocomics.com\/blog\/wp-json\/wp\/v2\/types\/post"}],"author":[{"embeddable":true,"href":"https:\/\/www.nosolocomics.com\/blog\/wp-json\/wp\/v2\/users\/1"}],"replies":[{"embeddable":true,"href":"https:\/\/www.nosolocomics.com\/blog\/wp-json\/wp\/v2\/comments?post=13062"}],"version-history":[{"count":2,"href":"https:\/\/www.nosolocomics.com\/blog\/wp-json\/wp\/v2\/posts\/13062\/revisions"}],"predecessor-version":[{"id":23767,"href":"https:\/\/www.nosolocomics.com\/blog\/wp-json\/wp\/v2\/posts\/13062\/revisions\/23767"}],"wp:featuredmedia":[{"embeddable":true,"href":"https:\/\/www.nosolocomics.com\/blog\/wp-json\/"}],"wp:attachment":[{"href":"https:\/\/www.nosolocomics.com\/blog\/wp-json\/wp\/v2\/media?parent=13062"}],"wp:term":[{"taxonomy":"category","embeddable":true,"href":"https:\/\/www.nosolocomics.com\/blog\/wp-json\/wp\/v2\/categories?post=13062"},{"taxonomy":"post_tag","embeddable":true,"href":"https:\/\/www.nosolocomics.com\/blog\/wp-json\/wp\/v2\/tags?post=13062"}],"curies":[{"name":"wp","href":"https:\/\/api.w.org\/{rel}","templated":true}]}}