{"id":13092,"date":"2016-09-24T15:13:58","date_gmt":"2016-09-24T15:13:58","guid":{"rendered":"http:\/\/nosolocomics.com\/?p=13092"},"modified":"2022-09-11T17:44:26","modified_gmt":"2022-09-11T17:44:26","slug":"nuevo-clip-la-nueva-temporada-walking-dead-llega-ezekiel","status":"publish","type":"post","link":"https:\/\/www.nosolocomics.com\/blog\/seriespeliculas\/nuevo-clip-la-nueva-temporada-walking-dead-llega-ezekiel\/","title":{"rendered":"Nuevo clip de la nueva temporada de Walking Dead&#8230; Llega Ezekiel&#8230;"},"content":{"rendered":"\n\n<div class=\"kk-star-ratings kksr-auto kksr-align-left kksr-valign-top\"\n    data-payload='{&quot;align&quot;:&quot;left&quot;,&quot;id&quot;:&quot;13092&quot;,&quot;slug&quot;:&quot;default&quot;,&quot;valign&quot;:&quot;top&quot;,&quot;ignore&quot;:&quot;&quot;,&quot;reference&quot;:&quot;auto&quot;,&quot;class&quot;:&quot;&quot;,&quot;count&quot;:&quot;0&quot;,&quot;legendonly&quot;:&quot;&quot;,&quot;readonly&quot;:&quot;&quot;,&quot;score&quot;:&quot;0&quot;,&quot;starsonly&quot;:&quot;&quot;,&quot;best&quot;:&quot;5&quot;,&quot;gap&quot;:&quot;5&quot;,&quot;greet&quot;:&quot;Rate this post&quot;,&quot;legend&quot;:&quot;0\\\/5 - (0 votos)&quot;,&quot;size&quot;:&quot;22&quot;,&quot;title&quot;:&quot;Nuevo clip de la nueva temporada de Walking Dead... Llega Ezekiel...&quot;,&quot;width&quot;:&quot;0&quot;,&quot;_legend&quot;:&quot;{score}\\\/{best} - ({count} {votes})&quot;,&quot;font_factor&quot;:&quot;1.25&quot;}'>\n            \n<div class=\"kksr-stars\">\n    \n<div class=\"kksr-stars-inactive\">\n            <div class=\"kksr-star\" data-star=\"1\" style=\"padding-right: 5px\">\n            \n\n<div class=\"kksr-icon\" style=\"width: 22px; height: 22px;\"><\/div>\n        <\/div>\n            <div class=\"kksr-star\" data-star=\"2\" style=\"padding-right: 5px\">\n            \n\n<div class=\"kksr-icon\" style=\"width: 22px; height: 22px;\"><\/div>\n        <\/div>\n            <div class=\"kksr-star\" data-star=\"3\" style=\"padding-right: 5px\">\n            \n\n<div class=\"kksr-icon\" style=\"width: 22px; height: 22px;\"><\/div>\n        <\/div>\n            <div class=\"kksr-star\" data-star=\"4\" style=\"padding-right: 5px\">\n            \n\n<div class=\"kksr-icon\" style=\"width: 22px; height: 22px;\"><\/div>\n        <\/div>\n            <div class=\"kksr-star\" data-star=\"5\" style=\"padding-right: 5px\">\n            \n\n<div class=\"kksr-icon\" style=\"width: 22px; height: 22px;\"><\/div>\n        <\/div>\n    <\/div>\n    \n<div class=\"kksr-stars-active\" style=\"width: 0px;\">\n            <div class=\"kksr-star\" style=\"padding-right: 5px\">\n            \n\n<div class=\"kksr-icon\" style=\"width: 22px; height: 22px;\"><\/div>\n        <\/div>\n            <div class=\"kksr-star\" style=\"padding-right: 5px\">\n            \n\n<div class=\"kksr-icon\" style=\"width: 22px; height: 22px;\"><\/div>\n        <\/div>\n            <div class=\"kksr-star\" style=\"padding-right: 5px\">\n            \n\n<div class=\"kksr-icon\" style=\"width: 22px; height: 22px;\"><\/div>\n        <\/div>\n            <div class=\"kksr-star\" style=\"padding-right: 5px\">\n            \n\n<div class=\"kksr-icon\" style=\"width: 22px; height: 22px;\"><\/div>\n        <\/div>\n            <div class=\"kksr-star\" style=\"padding-right: 5px\">\n            \n\n<div class=\"kksr-icon\" style=\"width: 22px; height: 22px;\"><\/div>\n        <\/div>\n    <\/div>\n<\/div>\n                \n\n<div class=\"kksr-legend\" style=\"font-size: 17.6px;\">\n            <span class=\"kksr-muted\">Rate this post<\/span>\n    <\/div>\n    <\/div>\n<p>Justo a un mes del estreno de la pr\u00f3xima temporada de <strong>Walking Dead<\/strong>, aparece este corto clip que nos introduce a uno de los que ser\u00e1 personaje clave en esta nueva temporada, <strong>Ezekiel<\/strong>, .el l\u00edder de \u00abEl Reino\u00bb, una nueva comunidad de supervivientes.<\/p>\n<p><img loading=\"lazy\" decoding=\"async\" class=\"alignnone size-full wp-image-13093\" src=\"http:\/\/nosolocomics.com\/blog\/wp-content\/uploads\/2016\/09\/wd7.jpg\" alt=\"wd7\" width=\"892\" height=\"502\" \/><\/p>\n<p>Y aparece cuando todos est\u00e1bamos hablando del malvado\u00a0<strong>Negan<\/strong>, cuya aparici\u00f3n en el \u00faltimo episodio de la sexta temporada dio mucho que hablar\u00a0al\u00a0anticiparnos la muerte de uno de los personajes principales. Pues bien, este Ezekiel promete ser un buen contrapunto al mencionado Negan y un personaje que seguro coger\u00e1 mucho peso.<\/p>\n<p>https:\/\/www.youtube.com\/watch?v=zYnrwlxkmCs<\/p>\n<p>Para los que quer\u00e1is m\u00e1s, el trailer oficial que apareci\u00f3 hace ya algunos meses.<\/p>\n<p><iframe loading=\"lazy\" title=\"The Walking Dead 7 Temporada Trailer Oficial\" width=\"640\" height=\"360\" src=\"https:\/\/www.youtube.com\/embed\/nq-6S1GphDs?feature=oembed\" frameborder=\"0\" allow=\"accelerometer; autoplay; clipboard-write; encrypted-media; gyroscope; picture-in-picture; web-share\" referrerpolicy=\"strict-origin-when-cross-origin\" allowfullscreen><\/iframe><\/p>\n<p>&nbsp;<\/p>\n","protected":false},"excerpt":{"rendered":"<p>Justo a un mes del estreno de la pr\u00f3xima temporada de Walking Dead, aparece este corto clip que nos introduce a uno de los que ser\u00e1 personaje clave en esta nueva temporada, Ezekiel, .el l\u00edder de \u00abEl Reino\u00bb, una nueva comunidad de supervivientes. Y aparece cuando todos est\u00e1bamos hablando del malvado\u00a0Negan, cuya aparici\u00f3n en el [&hellip;]<\/p>\n","protected":false},"author":1,"featured_media":13094,"comment_status":"open","ping_status":"open","sticky":false,"template":"","format":"standard","meta":{"_monsterinsights_skip_tracking":false,"_monsterinsights_sitenote_active":false,"_monsterinsights_sitenote_note":"","_monsterinsights_sitenote_category":0,"footnotes":""},"categories":[8],"tags":[123],"class_list":["post-13092","post","type-post","status-publish","format-standard","has-post-thumbnail","hentry","category-seriespeliculas","tag-walking-dead"],"aioseo_notices":[],"_links":{"self":[{"href":"https:\/\/www.nosolocomics.com\/blog\/wp-json\/wp\/v2\/posts\/13092","targetHints":{"allow":["GET"]}}],"collection":[{"href":"https:\/\/www.nosolocomics.com\/blog\/wp-json\/wp\/v2\/posts"}],"about":[{"href":"https:\/\/www.nosolocomics.com\/blog\/wp-json\/wp\/v2\/types\/post"}],"author":[{"embeddable":true,"href":"https:\/\/www.nosolocomics.com\/blog\/wp-json\/wp\/v2\/users\/1"}],"replies":[{"embeddable":true,"href":"https:\/\/www.nosolocomics.com\/blog\/wp-json\/wp\/v2\/comments?post=13092"}],"version-history":[{"count":2,"href":"https:\/\/www.nosolocomics.com\/blog\/wp-json\/wp\/v2\/posts\/13092\/revisions"}],"predecessor-version":[{"id":23772,"href":"https:\/\/www.nosolocomics.com\/blog\/wp-json\/wp\/v2\/posts\/13092\/revisions\/23772"}],"wp:featuredmedia":[{"embeddable":true,"href":"https:\/\/www.nosolocomics.com\/blog\/wp-json\/"}],"wp:attachment":[{"href":"https:\/\/www.nosolocomics.com\/blog\/wp-json\/wp\/v2\/media?parent=13092"}],"wp:term":[{"taxonomy":"category","embeddable":true,"href":"https:\/\/www.nosolocomics.com\/blog\/wp-json\/wp\/v2\/categories?post=13092"},{"taxonomy":"post_tag","embeddable":true,"href":"https:\/\/www.nosolocomics.com\/blog\/wp-json\/wp\/v2\/tags?post=13092"}],"curies":[{"name":"wp","href":"https:\/\/api.w.org\/{rel}","templated":true}]}}