{"id":13324,"date":"2017-01-08T11:51:32","date_gmt":"2017-01-08T11:51:32","guid":{"rendered":"http:\/\/nosolocomics.com\/?p=13324"},"modified":"2022-01-02T18:41:07","modified_gmt":"2022-01-02T18:41:07","slug":"walking-dead-imagenes-segunda-mitad-temporada-preguntas","status":"publish","type":"post","link":"https:\/\/www.nosolocomics.com\/blog\/comics\/walking-dead-imagenes-segunda-mitad-temporada-preguntas\/","title":{"rendered":"Walking Dead: im\u00e1genes de la segunda mitad de temporada que generan m\u00e1s preguntas&#8230;"},"content":{"rendered":"\n\n<div class=\"kk-star-ratings kksr-auto kksr-align-left kksr-valign-top\"\n    data-payload='{&quot;align&quot;:&quot;left&quot;,&quot;id&quot;:&quot;13324&quot;,&quot;slug&quot;:&quot;default&quot;,&quot;valign&quot;:&quot;top&quot;,&quot;ignore&quot;:&quot;&quot;,&quot;reference&quot;:&quot;auto&quot;,&quot;class&quot;:&quot;&quot;,&quot;count&quot;:&quot;0&quot;,&quot;legendonly&quot;:&quot;&quot;,&quot;readonly&quot;:&quot;&quot;,&quot;score&quot;:&quot;0&quot;,&quot;starsonly&quot;:&quot;&quot;,&quot;best&quot;:&quot;5&quot;,&quot;gap&quot;:&quot;5&quot;,&quot;greet&quot;:&quot;Rate this post&quot;,&quot;legend&quot;:&quot;0\\\/5 - (0 votos)&quot;,&quot;size&quot;:&quot;22&quot;,&quot;title&quot;:&quot;Walking Dead: im\u00e1genes de la segunda mitad de temporada que generan m\u00e1s preguntas...&quot;,&quot;width&quot;:&quot;0&quot;,&quot;_legend&quot;:&quot;{score}\\\/{best} - ({count} {votes})&quot;,&quot;font_factor&quot;:&quot;1.25&quot;}'>\n            \n<div class=\"kksr-stars\">\n    \n<div class=\"kksr-stars-inactive\">\n            <div class=\"kksr-star\" data-star=\"1\" style=\"padding-right: 5px\">\n            \n\n<div class=\"kksr-icon\" style=\"width: 22px; height: 22px;\"><\/div>\n        <\/div>\n            <div class=\"kksr-star\" data-star=\"2\" style=\"padding-right: 5px\">\n            \n\n<div class=\"kksr-icon\" style=\"width: 22px; height: 22px;\"><\/div>\n        <\/div>\n            <div class=\"kksr-star\" data-star=\"3\" style=\"padding-right: 5px\">\n            \n\n<div class=\"kksr-icon\" style=\"width: 22px; height: 22px;\"><\/div>\n        <\/div>\n            <div class=\"kksr-star\" data-star=\"4\" style=\"padding-right: 5px\">\n            \n\n<div class=\"kksr-icon\" style=\"width: 22px; height: 22px;\"><\/div>\n        <\/div>\n            <div class=\"kksr-star\" data-star=\"5\" style=\"padding-right: 5px\">\n            \n\n<div class=\"kksr-icon\" style=\"width: 22px; height: 22px;\"><\/div>\n        <\/div>\n    <\/div>\n    \n<div class=\"kksr-stars-active\" style=\"width: 0px;\">\n            <div class=\"kksr-star\" style=\"padding-right: 5px\">\n            \n\n<div class=\"kksr-icon\" style=\"width: 22px; height: 22px;\"><\/div>\n        <\/div>\n            <div class=\"kksr-star\" style=\"padding-right: 5px\">\n            \n\n<div class=\"kksr-icon\" style=\"width: 22px; height: 22px;\"><\/div>\n        <\/div>\n            <div class=\"kksr-star\" style=\"padding-right: 5px\">\n            \n\n<div class=\"kksr-icon\" style=\"width: 22px; height: 22px;\"><\/div>\n        <\/div>\n            <div class=\"kksr-star\" style=\"padding-right: 5px\">\n            \n\n<div class=\"kksr-icon\" style=\"width: 22px; height: 22px;\"><\/div>\n        <\/div>\n            <div class=\"kksr-star\" style=\"padding-right: 5px\">\n            \n\n<div class=\"kksr-icon\" style=\"width: 22px; height: 22px;\"><\/div>\n        <\/div>\n    <\/div>\n<\/div>\n                \n\n<div class=\"kksr-legend\" style=\"font-size: 17.6px;\">\n            <span class=\"kksr-muted\">Rate this post<\/span>\n    <\/div>\n    <\/div>\n<p>Como sab\u00e9is, estamos con el par\u00f3n de mitad de temporada de <strong>Walking Dead<\/strong> y para no reducir el hype, AMC ha compartido algunas fotos que siembran la incertidumbre. Primero vemos una foto del ya reducido grupo principal de protagonistas hablando con Gregory, un grupo que como sab\u00e9is se vio reducido dr\u00e1sticamente a principio de temporada gracias al amigo <a href=\"http:\/\/es.thewalkingdead.wikia.com\/wiki\/Negan_(c\u00f3mic)\"><strong>Negan<\/strong><\/a>.<\/p>\n<p><img loading=\"lazy\" decoding=\"async\" class=\"alignnone size-full wp-image-13339\" src=\"http:\/\/nosolocomics.com\/blog\/wp-content\/uploads\/2017\/01\/wd15.jpg\" alt=\"\" width=\"620\" height=\"420\" \/><\/p>\n<p>A continuaci\u00f3n vemos algunas fotos de ambientaci\u00f3n con diferentes escenas con una fotograf\u00eda muy oscura y ese look tan walking dead que nos gusta y por \u00faltimo dos fotos inquietantes de un esqueleto en descomposici\u00f3n y una zanja, seguramente para una nueva tumba.<\/p>\n<p><img loading=\"lazy\" decoding=\"async\" class=\"alignnone size-full wp-image-13338\" src=\"http:\/\/nosolocomics.com\/blog\/wp-content\/uploads\/2017\/01\/wd14.jpg\" alt=\"\" width=\"1080\" height=\"1080\" \/> <img loading=\"lazy\" decoding=\"async\" class=\"alignnone size-full wp-image-13325\" src=\"http:\/\/nosolocomics.com\/blog\/wp-content\/uploads\/2017\/01\/wd1.jpg\" alt=\"\" width=\"1080\" height=\"1080\" \/><\/p>\n<p>Quien sabe? Habr\u00e1 alguna otra muerte importante? Nos extra\u00f1ar\u00eda teniendo en cuenta la mencionada escabechina y la evoluci\u00f3n de los c\u00f3mics que como sab\u00e9is siguen argumentos paralelos pero con algunos puntos e influencias en com\u00fan, no en vano, el guionista es en ambos casos el mismo <a href=\"https:\/\/es.wikipedia.org\/wiki\/Robert_Kirkman\"><strong>Robert Kirkman<\/strong><\/a>. Las respuestas a partir del 12 de febrero con el retorno de la exitosa serie.<\/p>\n\n","protected":false},"excerpt":{"rendered":"<p>Como sab\u00e9is, estamos con el par\u00f3n de mitad de temporada de Walking Dead y para no reducir el hype, AMC ha compartido algunas fotos que siembran la incertidumbre. Primero vemos una foto del ya reducido grupo principal de protagonistas hablando con Gregory, un grupo que como sab\u00e9is se vio reducido dr\u00e1sticamente a principio de temporada [&hellip;]<\/p>\n","protected":false},"author":1,"featured_media":13325,"comment_status":"open","ping_status":"open","sticky":false,"template":"","format":"standard","meta":{"_monsterinsights_skip_tracking":false,"_monsterinsights_sitenote_active":false,"_monsterinsights_sitenote_note":"","_monsterinsights_sitenote_category":0,"footnotes":""},"categories":[3,8],"tags":[123],"class_list":["post-13324","post","type-post","status-publish","format-standard","has-post-thumbnail","hentry","category-comics","category-seriespeliculas","tag-walking-dead"],"aioseo_notices":[],"_links":{"self":[{"href":"https:\/\/www.nosolocomics.com\/blog\/wp-json\/wp\/v2\/posts\/13324","targetHints":{"allow":["GET"]}}],"collection":[{"href":"https:\/\/www.nosolocomics.com\/blog\/wp-json\/wp\/v2\/posts"}],"about":[{"href":"https:\/\/www.nosolocomics.com\/blog\/wp-json\/wp\/v2\/types\/post"}],"author":[{"embeddable":true,"href":"https:\/\/www.nosolocomics.com\/blog\/wp-json\/wp\/v2\/users\/1"}],"replies":[{"embeddable":true,"href":"https:\/\/www.nosolocomics.com\/blog\/wp-json\/wp\/v2\/comments?post=13324"}],"version-history":[{"count":3,"href":"https:\/\/www.nosolocomics.com\/blog\/wp-json\/wp\/v2\/posts\/13324\/revisions"}],"predecessor-version":[{"id":23423,"href":"https:\/\/www.nosolocomics.com\/blog\/wp-json\/wp\/v2\/posts\/13324\/revisions\/23423"}],"wp:featuredmedia":[{"embeddable":true,"href":"https:\/\/www.nosolocomics.com\/blog\/wp-json\/"}],"wp:attachment":[{"href":"https:\/\/www.nosolocomics.com\/blog\/wp-json\/wp\/v2\/media?parent=13324"}],"wp:term":[{"taxonomy":"category","embeddable":true,"href":"https:\/\/www.nosolocomics.com\/blog\/wp-json\/wp\/v2\/categories?post=13324"},{"taxonomy":"post_tag","embeddable":true,"href":"https:\/\/www.nosolocomics.com\/blog\/wp-json\/wp\/v2\/tags?post=13324"}],"curies":[{"name":"wp","href":"https:\/\/api.w.org\/{rel}","templated":true}]}}