{"id":13470,"date":"2017-02-25T16:00:20","date_gmt":"2017-02-25T16:00:20","guid":{"rendered":"http:\/\/nosolocomics.com\/?p=13470"},"modified":"2022-01-02T18:41:07","modified_gmt":"2022-01-02T18:41:07","slug":"spin-off-solo-ya-fecha-estreno","status":"publish","type":"post","link":"https:\/\/www.nosolocomics.com\/blog\/seriespeliculas\/spin-off-solo-ya-fecha-estreno\/","title":{"rendered":"El spin-off de Han Solo ya tiene fecha de estreno"},"content":{"rendered":"\n\n<div class=\"kk-star-ratings kksr-auto kksr-align-left kksr-valign-top\"\n    data-payload='{&quot;align&quot;:&quot;left&quot;,&quot;id&quot;:&quot;13470&quot;,&quot;slug&quot;:&quot;default&quot;,&quot;valign&quot;:&quot;top&quot;,&quot;ignore&quot;:&quot;&quot;,&quot;reference&quot;:&quot;auto&quot;,&quot;class&quot;:&quot;&quot;,&quot;count&quot;:&quot;0&quot;,&quot;legendonly&quot;:&quot;&quot;,&quot;readonly&quot;:&quot;&quot;,&quot;score&quot;:&quot;0&quot;,&quot;starsonly&quot;:&quot;&quot;,&quot;best&quot;:&quot;5&quot;,&quot;gap&quot;:&quot;5&quot;,&quot;greet&quot;:&quot;Rate this post&quot;,&quot;legend&quot;:&quot;0\\\/5 - (0 votos)&quot;,&quot;size&quot;:&quot;22&quot;,&quot;title&quot;:&quot;El spin-off de Han Solo ya tiene fecha de estreno&quot;,&quot;width&quot;:&quot;0&quot;,&quot;_legend&quot;:&quot;{score}\\\/{best} - ({count} {votes})&quot;,&quot;font_factor&quot;:&quot;1.25&quot;}'>\n            \n<div class=\"kksr-stars\">\n    \n<div class=\"kksr-stars-inactive\">\n            <div class=\"kksr-star\" data-star=\"1\" style=\"padding-right: 5px\">\n            \n\n<div class=\"kksr-icon\" style=\"width: 22px; height: 22px;\"><\/div>\n        <\/div>\n            <div class=\"kksr-star\" data-star=\"2\" style=\"padding-right: 5px\">\n            \n\n<div class=\"kksr-icon\" style=\"width: 22px; height: 22px;\"><\/div>\n        <\/div>\n            <div class=\"kksr-star\" data-star=\"3\" style=\"padding-right: 5px\">\n            \n\n<div class=\"kksr-icon\" style=\"width: 22px; height: 22px;\"><\/div>\n        <\/div>\n            <div class=\"kksr-star\" data-star=\"4\" style=\"padding-right: 5px\">\n            \n\n<div class=\"kksr-icon\" style=\"width: 22px; height: 22px;\"><\/div>\n        <\/div>\n            <div class=\"kksr-star\" data-star=\"5\" style=\"padding-right: 5px\">\n            \n\n<div class=\"kksr-icon\" style=\"width: 22px; height: 22px;\"><\/div>\n        <\/div>\n    <\/div>\n    \n<div class=\"kksr-stars-active\" style=\"width: 0px;\">\n            <div class=\"kksr-star\" style=\"padding-right: 5px\">\n            \n\n<div class=\"kksr-icon\" style=\"width: 22px; height: 22px;\"><\/div>\n        <\/div>\n            <div class=\"kksr-star\" style=\"padding-right: 5px\">\n            \n\n<div class=\"kksr-icon\" style=\"width: 22px; height: 22px;\"><\/div>\n        <\/div>\n            <div class=\"kksr-star\" style=\"padding-right: 5px\">\n            \n\n<div class=\"kksr-icon\" style=\"width: 22px; height: 22px;\"><\/div>\n        <\/div>\n            <div class=\"kksr-star\" style=\"padding-right: 5px\">\n            \n\n<div class=\"kksr-icon\" style=\"width: 22px; height: 22px;\"><\/div>\n        <\/div>\n            <div class=\"kksr-star\" style=\"padding-right: 5px\">\n            \n\n<div class=\"kksr-icon\" style=\"width: 22px; height: 22px;\"><\/div>\n        <\/div>\n    <\/div>\n<\/div>\n                \n\n<div class=\"kksr-legend\" style=\"font-size: 17.6px;\">\n            <span class=\"kksr-muted\">Rate this post<\/span>\n    <\/div>\n    <\/div>\n<p>Ser\u00e1 en mayo de 2018, a poco m\u00e1s de un a\u00f1o y muy cerca de ese episodio VIII que todos esperamos nos recupere del algo amargo sabor de boca que nos caus\u00f3 el episodio VII y que, en parte, Rogue One\u00a0corrigi\u00f3. De momento, ha comenzado el rodaje y se ha anunciado con esta foto del reparto y sus directores, casi al completo.<\/p>\n<p><img loading=\"lazy\" decoding=\"async\" class=\"alignnone size-full wp-image-13471\" src=\"http:\/\/nosolocomics.com\/blog\/wp-content\/uploads\/2017\/02\/Hans-SoloCast.png\" alt=\"\" width=\"600\" height=\"399\" \/><\/p>\n<p>En la foto podemos ver al co-director<a href=\"https:\/\/es.wikipedia.org\/wiki\/Chris_Miller\"> <strong>Christopher Miller<\/strong>\u00a0<\/a>justo debajo <a href=\"https:\/\/es.wikipedia.org\/wiki\/Woody_Harrelson\"><strong>Woody Harrelson<\/strong><\/a>, <a href=\"https:\/\/en.wikipedia.org\/wiki\/Phoebe_Waller-Bridge\"><strong>Phoebe Waller-Bridge<\/strong><\/a>, <a href=\"https:\/\/es.wikipedia.org\/wiki\/Alden_Ehrenreich\"><strong>Alden Ehrenreich<\/strong>\u00a0<\/a>como <strong>Han Solo<\/strong> en el centro, <a href=\"https:\/\/es.wikipedia.org\/wiki\/Emilia_Clarke\"><strong>Emilia Clarke<\/strong><\/a>\u00a0intentando tocar una palanca, <a href=\"https:\/\/es.wikipedia.org\/wiki\/Joonas_Suotamo\"><strong>Joonas Suotamo<\/strong><\/a> como\u00a0<em>Chewbacca<\/em>, el otro co-director <a href=\"https:\/\/es.wikipedia.org\/wiki\/Phil_Lord\"><strong>Phil Lord<\/strong><\/a> manejando media nave y <a href=\"https:\/\/es.wikipedia.org\/wiki\/Donald_Glover\"><strong>Donald Glover<\/strong><\/a>\u00a0o <strong>Lando Carlissian<\/strong> en la parte derecha.<\/p>\n","protected":false},"excerpt":{"rendered":"<p>Ser\u00e1 en mayo de 2018, a poco m\u00e1s de un a\u00f1o y muy cerca de ese episodio VIII que todos esperamos nos recupere del algo amargo sabor de boca que nos caus\u00f3 el episodio VII y que, en parte, Rogue One\u00a0corrigi\u00f3. De momento, ha comenzado el rodaje y se ha anunciado con esta foto del [&hellip;]<\/p>\n","protected":false},"author":1,"featured_media":13471,"comment_status":"open","ping_status":"open","sticky":false,"template":"","format":"standard","meta":{"_monsterinsights_skip_tracking":false,"_monsterinsights_sitenote_active":false,"_monsterinsights_sitenote_note":"","_monsterinsights_sitenote_category":0,"footnotes":""},"categories":[8],"tags":[105],"class_list":["post-13470","post","type-post","status-publish","format-standard","has-post-thumbnail","hentry","category-seriespeliculas","tag-star-wars"],"aioseo_notices":[],"_links":{"self":[{"href":"https:\/\/www.nosolocomics.com\/blog\/wp-json\/wp\/v2\/posts\/13470","targetHints":{"allow":["GET"]}}],"collection":[{"href":"https:\/\/www.nosolocomics.com\/blog\/wp-json\/wp\/v2\/posts"}],"about":[{"href":"https:\/\/www.nosolocomics.com\/blog\/wp-json\/wp\/v2\/types\/post"}],"author":[{"embeddable":true,"href":"https:\/\/www.nosolocomics.com\/blog\/wp-json\/wp\/v2\/users\/1"}],"replies":[{"embeddable":true,"href":"https:\/\/www.nosolocomics.com\/blog\/wp-json\/wp\/v2\/comments?post=13470"}],"version-history":[{"count":1,"href":"https:\/\/www.nosolocomics.com\/blog\/wp-json\/wp\/v2\/posts\/13470\/revisions"}],"predecessor-version":[{"id":23445,"href":"https:\/\/www.nosolocomics.com\/blog\/wp-json\/wp\/v2\/posts\/13470\/revisions\/23445"}],"wp:featuredmedia":[{"embeddable":true,"href":"https:\/\/www.nosolocomics.com\/blog\/wp-json\/"}],"wp:attachment":[{"href":"https:\/\/www.nosolocomics.com\/blog\/wp-json\/wp\/v2\/media?parent=13470"}],"wp:term":[{"taxonomy":"category","embeddable":true,"href":"https:\/\/www.nosolocomics.com\/blog\/wp-json\/wp\/v2\/categories?post=13470"},{"taxonomy":"post_tag","embeddable":true,"href":"https:\/\/www.nosolocomics.com\/blog\/wp-json\/wp\/v2\/tags?post=13470"}],"curies":[{"name":"wp","href":"https:\/\/api.w.org\/{rel}","templated":true}]}}