{"id":138,"date":"2013-11-03T23:33:41","date_gmt":"2013-11-03T23:33:41","guid":{"rendered":"http:\/\/nosolocomics.com\/?p=138"},"modified":"2022-01-02T18:25:35","modified_gmt":"2022-01-02T18:25:35","slug":"el-tamano-si-importa-salon-del-manga-2","status":"publish","type":"post","link":"https:\/\/www.nosolocomics.com\/blog\/comics\/el-tamano-si-importa-salon-del-manga-2\/","title":{"rendered":"El tama\u00f1o s\u00ed importa&#8230; Sal\u00f3n del Manga"},"content":{"rendered":"\n\n<div class=\"kk-star-ratings kksr-auto kksr-align-left kksr-valign-top\"\n    data-payload='{&quot;align&quot;:&quot;left&quot;,&quot;id&quot;:&quot;138&quot;,&quot;slug&quot;:&quot;default&quot;,&quot;valign&quot;:&quot;top&quot;,&quot;ignore&quot;:&quot;&quot;,&quot;reference&quot;:&quot;auto&quot;,&quot;class&quot;:&quot;&quot;,&quot;count&quot;:&quot;0&quot;,&quot;legendonly&quot;:&quot;&quot;,&quot;readonly&quot;:&quot;&quot;,&quot;score&quot;:&quot;0&quot;,&quot;starsonly&quot;:&quot;&quot;,&quot;best&quot;:&quot;5&quot;,&quot;gap&quot;:&quot;5&quot;,&quot;greet&quot;:&quot;Rate this post&quot;,&quot;legend&quot;:&quot;0\\\/5 - (0 votos)&quot;,&quot;size&quot;:&quot;22&quot;,&quot;title&quot;:&quot;El tama\u00f1o s\u00ed importa... Sal\u00f3n del Manga&quot;,&quot;width&quot;:&quot;0&quot;,&quot;_legend&quot;:&quot;{score}\\\/{best} - ({count} {votes})&quot;,&quot;font_factor&quot;:&quot;1.25&quot;}'>\n            \n<div class=\"kksr-stars\">\n    \n<div class=\"kksr-stars-inactive\">\n            <div class=\"kksr-star\" data-star=\"1\" style=\"padding-right: 5px\">\n            \n\n<div class=\"kksr-icon\" style=\"width: 22px; height: 22px;\"><\/div>\n        <\/div>\n            <div class=\"kksr-star\" data-star=\"2\" style=\"padding-right: 5px\">\n            \n\n<div class=\"kksr-icon\" style=\"width: 22px; height: 22px;\"><\/div>\n        <\/div>\n            <div class=\"kksr-star\" data-star=\"3\" style=\"padding-right: 5px\">\n            \n\n<div class=\"kksr-icon\" style=\"width: 22px; height: 22px;\"><\/div>\n        <\/div>\n            <div class=\"kksr-star\" data-star=\"4\" style=\"padding-right: 5px\">\n            \n\n<div class=\"kksr-icon\" style=\"width: 22px; height: 22px;\"><\/div>\n        <\/div>\n            <div class=\"kksr-star\" data-star=\"5\" style=\"padding-right: 5px\">\n            \n\n<div class=\"kksr-icon\" style=\"width: 22px; height: 22px;\"><\/div>\n        <\/div>\n    <\/div>\n    \n<div class=\"kksr-stars-active\" style=\"width: 0px;\">\n            <div class=\"kksr-star\" style=\"padding-right: 5px\">\n            \n\n<div class=\"kksr-icon\" style=\"width: 22px; height: 22px;\"><\/div>\n        <\/div>\n            <div class=\"kksr-star\" style=\"padding-right: 5px\">\n            \n\n<div class=\"kksr-icon\" style=\"width: 22px; height: 22px;\"><\/div>\n        <\/div>\n            <div class=\"kksr-star\" style=\"padding-right: 5px\">\n            \n\n<div class=\"kksr-icon\" style=\"width: 22px; height: 22px;\"><\/div>\n        <\/div>\n            <div class=\"kksr-star\" style=\"padding-right: 5px\">\n            \n\n<div class=\"kksr-icon\" style=\"width: 22px; height: 22px;\"><\/div>\n        <\/div>\n            <div class=\"kksr-star\" style=\"padding-right: 5px\">\n            \n\n<div class=\"kksr-icon\" style=\"width: 22px; height: 22px;\"><\/div>\n        <\/div>\n    <\/div>\n<\/div>\n                \n\n<div class=\"kksr-legend\" style=\"font-size: 17.6px;\">\n            <span class=\"kksr-muted\">Rate this post<\/span>\n    <\/div>\n    <\/div>\n<p>&nbsp;<\/p>\n<p><a href=\"http:\/\/nosolocomics.com\/blog\/wp-content\/uploads\/2013\/11\/SalonDelManga.png\"><img loading=\"lazy\" decoding=\"async\" src=\"http:\/\/nosolocomics.com\/blog\/wp-content\/uploads\/2013\/11\/SalonDelManga.png\" alt=\"SalonDelManga\" width=\"443\" height=\"111\" \/><\/a><\/p>\n<p>Pues s\u00ed,se\u00f1ores. No nos enga\u00f1emos. El tama\u00f1o s\u00ed importa y sino que se lo digan a los cientos de personas que como un servidor nos hemos quedado sin poder asistir al Sal\u00f3n del Manga por las largas colas que se han formado este fin de semana&#8230;<\/p>\n<p>Nosolocomics tuvo que contentarse en hacer un reconocimiento por los alrededores y s\u00f3lo pudo empaparse del ambiente que reinaba en las immediaciones, d\u00f3nde las colas estaban pobladas por un mont\u00f3n de\u00a0<strong>aficionados disfrazados de sus personajes favoritos<\/strong>\u00a0(los turistas que a esas horas compet\u00edan por el espacio en las aceras debieron quedarse bastante sorprendidos). Y es que disfrazarse para ir al sal\u00f3n del manga forma parte ya de la tradici\u00f3n, como pudimos comprobar movi\u00e9ndonos entre la multitud, disfrazada tanto de h\u00e9roes del manga como de otros m\u00e1s propios del c\u00f3mic americano (l\u00e9ase capit\u00e1n Am\u00e9rica, Batman o Thor que por all\u00ed tambi\u00e9n rondaban&#8230;) \u00a0y muchos de los cuales a buen seguro habr\u00e1n participado en el concurso para elegir a los participantes en l<strong>a World Cosplay Summit<\/strong>\u00a0del pr\u00f3ximo verano en Jap\u00f3n (concurso de representaciones de personajes de c\u00f3mic, anime y manga).<\/p>\n<p>Volviendo al tema del tama\u00f1o y la afluencia de p\u00fablico, mi duda es si se podr\u00eda haber previsto la multitud que ha acudido al sal\u00f3n este a\u00f1o. Un a\u00f1o en el que se ha doblado la capacidad respecto al a\u00f1o pasado pero ni as\u00ed ha habido suficiente espacio para albergar a todos los aficionados que, en algunos casos, llegaban desde muy lejos. As\u00ed que, el pr\u00f3ximo a\u00f1o toca ir a lo grande y ampliar a\u00fan m\u00e1s para no quedarnos con el mal sabor de boca.<\/p>\n<p>Y es que no hay que olvidar que el sal\u00f3n del manga de Barcelona es el\u00a0<strong>tercero m\u00e1s importante fuera de Jap\u00f3n<\/strong>, habiendo llegado hasta los\u00a0<strong>115.000 visitantes en s\u00f3lo 4 d\u00edas<\/strong>, y demostrando que la afici\u00f3n va en alza. Esos 4 d\u00edas han estado repletos de actividades relacionadas con lo que ha sido la tem\u00e1tica de este a\u00f1o, la presencia del deporte en el manga y el anime.<\/p>\n<p>Las actividades iban desde las exhibiciones de sumo y diversas artes marciales hasta la presencia del autor de, atenci\u00f3n, aquella m\u00edtica\u00a0serie\u00a0de animaci\u00f3n,\u00a0<strong><a title=\"Campeones: Oliver y Benji\" href=\"http:\/\/es.wikipedia.org\/wiki\/Capit%C3%A1n_Tsubasa\" target=\"_blank\" rel=\"noopener noreferrer\">Campeones<\/a>\u00a0(1982),<\/strong>\u00a0Yoichi Takahashi, quien lleg\u00f3 a comparar a Oliver con Iniesta (!!!) en uno de los comentarios que m\u00e1s han trascendido del sal\u00f3n (ten\u00eda que ser por el f\u00fatbol&#8230;). Si quer\u00e9is recordar la serie no ten\u00e9is m\u00e1s que acceder a YouTube, donde circulan todos los episodios de la serie.<\/p>\n<p>Tambi\u00e9n estuvieron en el sal\u00f3n el director de animaci\u00f3n de\u00a0<strong><a title=\"Bola de Drag\u00f3n\" href=\"http:\/\/es.wikipedia.org\/wiki\/Dragon_Ball\" target=\"_blank\" rel=\"noopener noreferrer\">Dragon Ball<\/a><\/strong>, Daisuke Nishio, as\u00ed como varios dise\u00f1adores de videojuegos. A destacar en este \u00faltimo aspecto tambi\u00e9n, la\u00a0<strong>presentaci\u00f3n de la Xbox One<\/strong>\u00a0de Microsoft.<\/p>\n<p>Esperamos pues al sal\u00f3n del a\u00f1o que viene que se celebrar\u00e1 del 30 de octubre al 2 de noviembre. Mientras, calentamos motores para ese otro gran evento que se celebra en nuestra ciudad, el XXXII Sal\u00f3n del C\u00f3mic de Barcelona que se celebrar\u00e1 en abril (esta vez compraremos las entradas por anticipado&#8230;).<\/p>\n<p>Fuente:\u00a0<a title=\"Ficomic\" href=\"http:\/\/www.ficomic.com\/NOTICIES\/detall.cfm\/ID\/8759\/T\/el-xix-salon-manga-barcelona-llega-los-115-000-visitantes.htm\" target=\"_blank\" rel=\"noopener noreferrer\">Ficomic<\/a><\/p>\n","protected":false},"excerpt":{"rendered":"<p>&nbsp; Pues s\u00ed,se\u00f1ores. No nos enga\u00f1emos. El tama\u00f1o s\u00ed importa y sino que se lo digan a los cientos de personas que como un servidor nos hemos quedado sin poder asistir al Sal\u00f3n del Manga por las largas colas que se han formado este fin de semana&#8230; Nosolocomics tuvo que contentarse en hacer un reconocimiento [&hellip;]<\/p>\n","protected":false},"author":1,"featured_media":134,"comment_status":"open","ping_status":"open","sticky":false,"template":"","format":"standard","meta":{"_monsterinsights_skip_tracking":false,"_monsterinsights_sitenote_active":false,"_monsterinsights_sitenote_note":"","_monsterinsights_sitenote_category":0,"footnotes":""},"categories":[3],"tags":[42,82],"class_list":["post-138","post","type-post","status-publish","format-standard","has-post-thumbnail","hentry","category-comics","tag-dragon-ball","tag-manga"],"aioseo_notices":[],"_links":{"self":[{"href":"https:\/\/www.nosolocomics.com\/blog\/wp-json\/wp\/v2\/posts\/138","targetHints":{"allow":["GET"]}}],"collection":[{"href":"https:\/\/www.nosolocomics.com\/blog\/wp-json\/wp\/v2\/posts"}],"about":[{"href":"https:\/\/www.nosolocomics.com\/blog\/wp-json\/wp\/v2\/types\/post"}],"author":[{"embeddable":true,"href":"https:\/\/www.nosolocomics.com\/blog\/wp-json\/wp\/v2\/users\/1"}],"replies":[{"embeddable":true,"href":"https:\/\/www.nosolocomics.com\/blog\/wp-json\/wp\/v2\/comments?post=138"}],"version-history":[{"count":2,"href":"https:\/\/www.nosolocomics.com\/blog\/wp-json\/wp\/v2\/posts\/138\/revisions"}],"predecessor-version":[{"id":22096,"href":"https:\/\/www.nosolocomics.com\/blog\/wp-json\/wp\/v2\/posts\/138\/revisions\/22096"}],"wp:featuredmedia":[{"embeddable":true,"href":"https:\/\/www.nosolocomics.com\/blog\/wp-json\/wp\/v2\/media\/134"}],"wp:attachment":[{"href":"https:\/\/www.nosolocomics.com\/blog\/wp-json\/wp\/v2\/media?parent=138"}],"wp:term":[{"taxonomy":"category","embeddable":true,"href":"https:\/\/www.nosolocomics.com\/blog\/wp-json\/wp\/v2\/categories?post=138"},{"taxonomy":"post_tag","embeddable":true,"href":"https:\/\/www.nosolocomics.com\/blog\/wp-json\/wp\/v2\/tags?post=138"}],"curies":[{"name":"wp","href":"https:\/\/api.w.org\/{rel}","templated":true}]}}