{"id":13945,"date":"2019-08-25T07:19:23","date_gmt":"2019-08-25T07:19:23","guid":{"rendered":"http:\/\/nosolocomics.com\/?p=13945"},"modified":"2022-01-02T18:30:40","modified_gmt":"2022-01-02T18:30:40","slug":"vuelve-obi-wan-con-ewan-mcgregor-en-serie-de-television","status":"publish","type":"post","link":"https:\/\/www.nosolocomics.com\/blog\/general\/vuelve-obi-wan-con-ewan-mcgregor-en-serie-de-television\/","title":{"rendered":"Vuelve Obi Wan con Ewan McGregor en serie de televisi\u00f3n&#8230;"},"content":{"rendered":"\n\n<div class=\"kk-star-ratings kksr-auto kksr-align-left kksr-valign-top\"\n    data-payload='{&quot;align&quot;:&quot;left&quot;,&quot;id&quot;:&quot;13945&quot;,&quot;slug&quot;:&quot;default&quot;,&quot;valign&quot;:&quot;top&quot;,&quot;ignore&quot;:&quot;&quot;,&quot;reference&quot;:&quot;auto&quot;,&quot;class&quot;:&quot;&quot;,&quot;count&quot;:&quot;0&quot;,&quot;legendonly&quot;:&quot;&quot;,&quot;readonly&quot;:&quot;&quot;,&quot;score&quot;:&quot;0&quot;,&quot;starsonly&quot;:&quot;&quot;,&quot;best&quot;:&quot;5&quot;,&quot;gap&quot;:&quot;5&quot;,&quot;greet&quot;:&quot;Rate this post&quot;,&quot;legend&quot;:&quot;0\\\/5 - (0 votos)&quot;,&quot;size&quot;:&quot;22&quot;,&quot;title&quot;:&quot;Vuelve Obi Wan con Ewan McGregor en serie de televisi\u00f3n...&quot;,&quot;width&quot;:&quot;0&quot;,&quot;_legend&quot;:&quot;{score}\\\/{best} - ({count} {votes})&quot;,&quot;font_factor&quot;:&quot;1.25&quot;}'>\n            \n<div class=\"kksr-stars\">\n    \n<div class=\"kksr-stars-inactive\">\n            <div class=\"kksr-star\" data-star=\"1\" style=\"padding-right: 5px\">\n            \n\n<div class=\"kksr-icon\" style=\"width: 22px; height: 22px;\"><\/div>\n        <\/div>\n            <div class=\"kksr-star\" data-star=\"2\" style=\"padding-right: 5px\">\n            \n\n<div class=\"kksr-icon\" style=\"width: 22px; height: 22px;\"><\/div>\n        <\/div>\n            <div class=\"kksr-star\" data-star=\"3\" style=\"padding-right: 5px\">\n            \n\n<div class=\"kksr-icon\" style=\"width: 22px; height: 22px;\"><\/div>\n        <\/div>\n            <div class=\"kksr-star\" data-star=\"4\" style=\"padding-right: 5px\">\n            \n\n<div class=\"kksr-icon\" style=\"width: 22px; height: 22px;\"><\/div>\n        <\/div>\n            <div class=\"kksr-star\" data-star=\"5\" style=\"padding-right: 5px\">\n            \n\n<div class=\"kksr-icon\" style=\"width: 22px; height: 22px;\"><\/div>\n        <\/div>\n    <\/div>\n    \n<div class=\"kksr-stars-active\" style=\"width: 0px;\">\n            <div class=\"kksr-star\" style=\"padding-right: 5px\">\n            \n\n<div class=\"kksr-icon\" style=\"width: 22px; height: 22px;\"><\/div>\n        <\/div>\n            <div class=\"kksr-star\" style=\"padding-right: 5px\">\n            \n\n<div class=\"kksr-icon\" style=\"width: 22px; height: 22px;\"><\/div>\n        <\/div>\n            <div class=\"kksr-star\" style=\"padding-right: 5px\">\n            \n\n<div class=\"kksr-icon\" style=\"width: 22px; height: 22px;\"><\/div>\n        <\/div>\n            <div class=\"kksr-star\" style=\"padding-right: 5px\">\n            \n\n<div class=\"kksr-icon\" style=\"width: 22px; height: 22px;\"><\/div>\n        <\/div>\n            <div class=\"kksr-star\" style=\"padding-right: 5px\">\n            \n\n<div class=\"kksr-icon\" style=\"width: 22px; height: 22px;\"><\/div>\n        <\/div>\n    <\/div>\n<\/div>\n                \n\n<div class=\"kksr-legend\" style=\"font-size: 17.6px;\">\n            <span class=\"kksr-muted\">Rate this post<\/span>\n    <\/div>\n    <\/div>\n\n<p>Lo que dec\u00edamos, todos los proyectos que iban siendo planteados como pel\u00edculas se est\u00e1n convirtiendo en proyectos de serie de televisi\u00f3n. <a href=\"https:\/\/variety.com\/2019\/tv\/news\/obi-wan-kenobi-series-ewan-mcgregor-disney-plus-1203304387\/\">El antiguo rumor de Ewan McGregor regresando como Obi Wan se ha visto confirmado <\/a>y se une a la transformaci\u00f3n de aquella antigua especulaci\u00f3n de pel\u00edcula de Bobba Fett que se transform\u00f3 en la serie \u00abThe Mandalorian\u00bb de Jon Favreau, serie que ha generado una gran expectaci\u00f3n y que est\u00e1 a punto de llegar a nuestras pantallas (via el canal de streaming de Disney, claro&#8230;).<\/p>\n\n\n\n<figure class=\"wp-block-image\"><img decoding=\"async\" src=\"http:\/\/nosolocomics.com\/blog\/wp-content\/uploads\/2019\/08\/Ewan-McGregor2.png\" alt=\"\" class=\"wp-image-13947\"\/><\/figure>\n\n\n\n<p>Lo que sabemos hasta ahora del proyecto de serie es que a\u00fan no se conocen directores ni la trama, aunque algunos rumores apuntan a que podr\u00edan cubrir los sucesos que le sucedieron a ObiWan durante su \u00abretiro\u00bb en Tatooine&#8230;<\/p>\n","protected":false},"excerpt":{"rendered":"<p>Lo que dec\u00edamos, todos los proyectos que iban siendo planteados como pel\u00edculas se est\u00e1n convirtiendo en proyectos de serie de televisi\u00f3n. El antiguo rumor de Ewan McGregor regresando como Obi Wan se ha visto confirmado y se une a la transformaci\u00f3n de aquella antigua especulaci\u00f3n de pel\u00edcula de Bobba Fett que se transform\u00f3 en la [&hellip;]<\/p>\n","protected":false},"author":1,"featured_media":13946,"comment_status":"open","ping_status":"open","sticky":false,"template":"","format":"standard","meta":{"_monsterinsights_skip_tracking":false,"_monsterinsights_sitenote_active":false,"_monsterinsights_sitenote_note":"","_monsterinsights_sitenote_category":0,"footnotes":""},"categories":[5],"tags":[],"class_list":["post-13945","post","type-post","status-publish","format-standard","has-post-thumbnail","hentry","category-general"],"aioseo_notices":[],"_links":{"self":[{"href":"https:\/\/www.nosolocomics.com\/blog\/wp-json\/wp\/v2\/posts\/13945","targetHints":{"allow":["GET"]}}],"collection":[{"href":"https:\/\/www.nosolocomics.com\/blog\/wp-json\/wp\/v2\/posts"}],"about":[{"href":"https:\/\/www.nosolocomics.com\/blog\/wp-json\/wp\/v2\/types\/post"}],"author":[{"embeddable":true,"href":"https:\/\/www.nosolocomics.com\/blog\/wp-json\/wp\/v2\/users\/1"}],"replies":[{"embeddable":true,"href":"https:\/\/www.nosolocomics.com\/blog\/wp-json\/wp\/v2\/comments?post=13945"}],"version-history":[{"count":1,"href":"https:\/\/www.nosolocomics.com\/blog\/wp-json\/wp\/v2\/posts\/13945\/revisions"}],"predecessor-version":[{"id":23093,"href":"https:\/\/www.nosolocomics.com\/blog\/wp-json\/wp\/v2\/posts\/13945\/revisions\/23093"}],"wp:featuredmedia":[{"embeddable":true,"href":"https:\/\/www.nosolocomics.com\/blog\/wp-json\/"}],"wp:attachment":[{"href":"https:\/\/www.nosolocomics.com\/blog\/wp-json\/wp\/v2\/media?parent=13945"}],"wp:term":[{"taxonomy":"category","embeddable":true,"href":"https:\/\/www.nosolocomics.com\/blog\/wp-json\/wp\/v2\/categories?post=13945"},{"taxonomy":"post_tag","embeddable":true,"href":"https:\/\/www.nosolocomics.com\/blog\/wp-json\/wp\/v2\/tags?post=13945"}],"curies":[{"name":"wp","href":"https:\/\/api.w.org\/{rel}","templated":true}]}}