{"id":1637,"date":"2014-05-16T18:30:42","date_gmt":"2014-05-16T18:30:42","guid":{"rendered":"http:\/\/nosolocomics.com\/?p=1637"},"modified":"2022-09-11T17:44:25","modified_gmt":"2022-09-11T17:44:25","slug":"este-fin-de-semana-llega-el-salon-internacional-del-comic-batiendo-todos-los-records","status":"publish","type":"post","link":"https:\/\/www.nosolocomics.com\/blog\/comics\/este-fin-de-semana-llega-el-salon-internacional-del-comic-batiendo-todos-los-records\/","title":{"rendered":"Este fin de semana llega el Sal\u00f3n Internacional del C\u00f3mic batiendo todos los r\u00e9cords!!!"},"content":{"rendered":"\n\n<div class=\"kk-star-ratings kksr-auto kksr-align-left kksr-valign-top\"\n    data-payload='{&quot;align&quot;:&quot;left&quot;,&quot;id&quot;:&quot;1637&quot;,&quot;slug&quot;:&quot;default&quot;,&quot;valign&quot;:&quot;top&quot;,&quot;ignore&quot;:&quot;&quot;,&quot;reference&quot;:&quot;auto&quot;,&quot;class&quot;:&quot;&quot;,&quot;count&quot;:&quot;0&quot;,&quot;legendonly&quot;:&quot;&quot;,&quot;readonly&quot;:&quot;&quot;,&quot;score&quot;:&quot;0&quot;,&quot;starsonly&quot;:&quot;&quot;,&quot;best&quot;:&quot;5&quot;,&quot;gap&quot;:&quot;5&quot;,&quot;greet&quot;:&quot;Rate this post&quot;,&quot;legend&quot;:&quot;0\\\/5 - (0 votos)&quot;,&quot;size&quot;:&quot;22&quot;,&quot;title&quot;:&quot;Este fin de semana llega el Sal\u00f3n Internacional del C\u00f3mic batiendo todos los r\u00e9cords!!!&quot;,&quot;width&quot;:&quot;0&quot;,&quot;_legend&quot;:&quot;{score}\\\/{best} - ({count} {votes})&quot;,&quot;font_factor&quot;:&quot;1.25&quot;}'>\n            \n<div class=\"kksr-stars\">\n    \n<div class=\"kksr-stars-inactive\">\n            <div class=\"kksr-star\" data-star=\"1\" style=\"padding-right: 5px\">\n            \n\n<div class=\"kksr-icon\" style=\"width: 22px; height: 22px;\"><\/div>\n        <\/div>\n            <div class=\"kksr-star\" data-star=\"2\" style=\"padding-right: 5px\">\n            \n\n<div class=\"kksr-icon\" style=\"width: 22px; height: 22px;\"><\/div>\n        <\/div>\n            <div class=\"kksr-star\" data-star=\"3\" style=\"padding-right: 5px\">\n            \n\n<div class=\"kksr-icon\" style=\"width: 22px; height: 22px;\"><\/div>\n        <\/div>\n            <div class=\"kksr-star\" data-star=\"4\" style=\"padding-right: 5px\">\n            \n\n<div class=\"kksr-icon\" style=\"width: 22px; height: 22px;\"><\/div>\n        <\/div>\n            <div class=\"kksr-star\" data-star=\"5\" style=\"padding-right: 5px\">\n            \n\n<div class=\"kksr-icon\" style=\"width: 22px; height: 22px;\"><\/div>\n        <\/div>\n    <\/div>\n    \n<div class=\"kksr-stars-active\" style=\"width: 0px;\">\n            <div class=\"kksr-star\" style=\"padding-right: 5px\">\n            \n\n<div class=\"kksr-icon\" style=\"width: 22px; height: 22px;\"><\/div>\n        <\/div>\n            <div class=\"kksr-star\" style=\"padding-right: 5px\">\n            \n\n<div class=\"kksr-icon\" style=\"width: 22px; height: 22px;\"><\/div>\n        <\/div>\n            <div class=\"kksr-star\" style=\"padding-right: 5px\">\n            \n\n<div class=\"kksr-icon\" style=\"width: 22px; height: 22px;\"><\/div>\n        <\/div>\n            <div class=\"kksr-star\" style=\"padding-right: 5px\">\n            \n\n<div class=\"kksr-icon\" style=\"width: 22px; height: 22px;\"><\/div>\n        <\/div>\n            <div class=\"kksr-star\" style=\"padding-right: 5px\">\n            \n\n<div class=\"kksr-icon\" style=\"width: 22px; height: 22px;\"><\/div>\n        <\/div>\n    <\/div>\n<\/div>\n                \n\n<div class=\"kksr-legend\" style=\"font-size: 17.6px;\">\n            <span class=\"kksr-muted\">Rate this post<\/span>\n    <\/div>\n    <\/div>\n<p>Pues s\u00ed, desde ayer y hasta el domingo, se celebra en Barcelona, el <strong>32 <a href=\"http:\/\/www.ficomic.com\/\">Sal\u00f3n Internacional del C\u00f3mic<\/a><\/strong>, el sal\u00f3n decano en Espa\u00f1a que este a\u00f1o est\u00e1 dedicado especialmente al g\u00e9nero\u00a0b\u00e9lico.<\/p>\n<p>El sal\u00f3n, que espera batir el record del a\u00f1o pasado (<strong>112.000 visitantes)<\/strong>\u00a0y que\u00a0<strong>casi dobla el espacio del a\u00f1o anterior (<\/strong>con 32.000 m2), se celebrar\u00e1 en los salones 1 y 2 de la Fira de Barcelona en Montjuic con <strong>precios de\u00a07 \u20ac<\/strong> (entrada general) y <strong>5 \u20ac<\/strong> (estudiantes, carnet joven, etc) y los siguientes horarios:<\/p>\n<p><span style=\"color: #222222;\">Jueves 15 de mayo: de 10:00 a 20:00 h.<\/span><br style=\"color: #222222;\" \/><span style=\"color: #222222;\">Viernes 16 de mayo: de 10:00 a 21:00 h.<\/span><br style=\"color: #222222;\" \/><span style=\"color: #222222;\">S\u00e1bado 17 de mayo: de 10:00 a 21:00 h.<\/span><br style=\"color: #222222;\" \/><span style=\"color: #222222;\">Domingo 18 de mayo: de 10:00 a 20:00 h.<\/span><\/p>\n<p><img decoding=\"async\" src=\"http:\/\/www.abc.es\/Media\/201405\/08\/hazanas--644x550.jpg\" alt=\"La historieta, en pie de guerra en el Sal\u00f3n del C\u00f3mic de Barcelona \" \/><\/p>\n<p><em>Imagen: \u00abHaza\u00f1as b\u00e9licas\u00bb de Jordi Longar\u00f3n<\/em><\/p>\n<p>Como dec\u00edamos, este a\u00f1o el sal\u00f3n est\u00e1 dedicado al gen\u00e9ro b\u00e9lico y contar\u00e1 con la presencia de, entre otros,\u00a0<strong>Joe Sacco <\/strong>(\u00abLa gran guerra\u00bb, \u00abPalestina\u00bb),\u00a0<strong>Andrew Wildman <\/strong>(\u00abTransformers\u00bb), <strong>Eduardo Risso<\/strong>, (\u00ab100 balas\u00bb), <strong>Brian Azzarello, Paul Jenkins<\/strong>, <strong>Audrey Spiry<\/strong>, <strong>Manuele Fior<\/strong>\u00a0y\u00a0<strong>Pasquale Del Vecchio.<\/strong><\/p>\n<p>En el sal\u00f3n habr\u00e1n varias exposiciones, la principal titulada \u00abC\u00f3mics en guerra\u00bb, que contar\u00e1 con la exposici\u00f3n de 550 originales de im\u00e1genes b\u00e9licas a lo largo de la historia, juegos de estrategia, v<span style=\"color: #080808;\">eh\u00edculos de la Guerra Civil, y\u00a0un\u00a0<\/span><span style=\"font-weight: bold; color: #080808;\">diorama gigante de la Segunda Guerra Mundial.<\/span><\/p>\n<p>Asimismo, tambi\u00e9n habr\u00e1n\u00a0exposiciones de <strong>Batman<\/strong>, para commemorar su 75 aniversario, <strong>Lobezno<\/strong> que cumple 40 a\u00f1itos y tambi\u00e9n de\u00a0<strong>Popeye<\/strong>.<\/p>\n<p><img decoding=\"async\" src=\"http:\/\/img.irtve.es\/imagenes\/ilustraciones-hazanas-belicas-batman-popeye\/1399903457908.jpg\" alt=\"Ilustraciones de 'Haza\u00f1as b\u00e9licas', 'Batman' y 'Popeye'\" \/><\/p>\n<p>Y tambi\u00e9n el dossier de prensa con toda la informaci\u00f3n sobre el sal\u00f3n.<\/p>\n<p>Os recomendamos, algunos links para sacarle el m\u00e1ximo partido al sal\u00f3n:<\/p>\n<ul>\n<li>Todas las noticias en este <a href=\"http:\/\/www.rtve.es\/noticias\/salon-comic\/barcelona\/\">especial de RTVE.es<\/a><\/li>\n<li>Fant\u00e1stico especial de zonanegativa sobre el sal\u00f3n: <strong>C\u00f3mo sobrevivir al sal\u00f3n con 120 \u20ac<\/strong>, parte<a href=\"http:\/\/www.zonanegativa.com\/sobrevivir-al-salon-con-120e-2014-i\/\"> 1<\/a>, <a href=\"http:\/\/www.zonanegativa.com\/sobrevivir-al-salon-con-120e-2014-v\/\">2<\/a>, <a href=\"http:\/\/www.zonanegativa.com\/sobrevivir-al-salon-con-120e-2014-iii\/\">3<\/a> y <a href=\"http:\/\/www.zonanegativa.com\/sobrevivir-al-salon-con-120e-2014-iv\/\">4<\/a>.<\/li>\n<li><a href=\"http:\/\/www.zonanegativa.com\/autores-invitados-al-32o-salon-internacional-del-comic-de-barcelona\/\">Listado y horarios de los artistas invitados<\/a>,<\/li>\n<\/ul>\n<p>C\u00f3mo no, nosolocomics estar\u00e1 all\u00ed para contaros todo aquello m\u00e1s relevante!!<\/p>\n<p>Aqu\u00ed el video de presentaci\u00f3n<\/p>\n<p><iframe loading=\"lazy\" src=\"\/\/www.youtube.com\/embed\/VgBmsF1Mlmc\" width=\"560\" height=\"315\" frameborder=\"0\" allowfullscreen=\"allowfullscreen\"><\/iframe><\/p>\n<p>&nbsp;<\/p>\n<p>Fuentes: <a href=\"http:\/\/www.rtve.es\/noticias\/20140508\/guerra-batman-popeye-protagonistas-del-salon-del-comic-barcelona\/935100.shtml\">rtve.es<\/a>, <a href=\"http:\/\/www.abc.es\/cultura\/arte\/20140509\/abci-historieta-guerra-salon-comic-201405082031.html\">abc.es<\/a><\/p>\n","protected":false},"excerpt":{"rendered":"<p>Pues s\u00ed, desde ayer y hasta el domingo, se celebra en Barcelona, el 32 Sal\u00f3n Internacional del C\u00f3mic, el sal\u00f3n decano en Espa\u00f1a que este a\u00f1o est\u00e1 dedicado especialmente al g\u00e9nero\u00a0b\u00e9lico. El sal\u00f3n, que espera batir el record del a\u00f1o pasado (112.000 visitantes)\u00a0y que\u00a0casi dobla el espacio del a\u00f1o anterior (con 32.000 m2), se celebrar\u00e1 [&hellip;]<\/p>\n","protected":false},"author":1,"featured_media":1272,"comment_status":"open","ping_status":"open","sticky":false,"template":"","format":"standard","meta":{"_monsterinsights_skip_tracking":false,"_monsterinsights_sitenote_active":false,"_monsterinsights_sitenote_note":"","_monsterinsights_sitenote_category":0,"footnotes":""},"categories":[3],"tags":[22],"class_list":["post-1637","post","type-post","status-publish","format-standard","has-post-thumbnail","hentry","category-comics","tag-batman"],"aioseo_notices":[],"_links":{"self":[{"href":"https:\/\/www.nosolocomics.com\/blog\/wp-json\/wp\/v2\/posts\/1637","targetHints":{"allow":["GET"]}}],"collection":[{"href":"https:\/\/www.nosolocomics.com\/blog\/wp-json\/wp\/v2\/posts"}],"about":[{"href":"https:\/\/www.nosolocomics.com\/blog\/wp-json\/wp\/v2\/types\/post"}],"author":[{"embeddable":true,"href":"https:\/\/www.nosolocomics.com\/blog\/wp-json\/wp\/v2\/users\/1"}],"replies":[{"embeddable":true,"href":"https:\/\/www.nosolocomics.com\/blog\/wp-json\/wp\/v2\/comments?post=1637"}],"version-history":[{"count":1,"href":"https:\/\/www.nosolocomics.com\/blog\/wp-json\/wp\/v2\/posts\/1637\/revisions"}],"predecessor-version":[{"id":23717,"href":"https:\/\/www.nosolocomics.com\/blog\/wp-json\/wp\/v2\/posts\/1637\/revisions\/23717"}],"wp:featuredmedia":[{"embeddable":true,"href":"https:\/\/www.nosolocomics.com\/blog\/wp-json\/wp\/v2\/media\/1272"}],"wp:attachment":[{"href":"https:\/\/www.nosolocomics.com\/blog\/wp-json\/wp\/v2\/media?parent=1637"}],"wp:term":[{"taxonomy":"category","embeddable":true,"href":"https:\/\/www.nosolocomics.com\/blog\/wp-json\/wp\/v2\/categories?post=1637"},{"taxonomy":"post_tag","embeddable":true,"href":"https:\/\/www.nosolocomics.com\/blog\/wp-json\/wp\/v2\/tags?post=1637"}],"curies":[{"name":"wp","href":"https:\/\/api.w.org\/{rel}","templated":true}]}}