{"id":1721,"date":"2014-06-05T22:00:40","date_gmt":"2014-06-05T22:00:40","guid":{"rendered":"http:\/\/nosolocomics.com\/?p=1721"},"modified":"2022-09-11T17:44:44","modified_gmt":"2022-09-11T17:44:44","slug":"predicador-sera-reeditado-en-julio-y-se-acerca-su-conversion-al-formato-serie-en-algo-que-promete-ser-macabro-y-espectacular","status":"publish","type":"post","link":"https:\/\/www.nosolocomics.com\/blog\/comics\/predicador-sera-reeditado-en-julio-y-se-acerca-su-conversion-al-formato-serie-en-algo-que-promete-ser-macabro-y-espectacular\/","title":{"rendered":"Predicador ser\u00e1 reeditado en julio mientras se acerca la serie del mismo t\u00edtulo en algo que promete ser macabro y espectacular&#8230;"},"content":{"rendered":"\n\n<div class=\"kk-star-ratings kksr-auto kksr-align-left kksr-valign-top\"\n    data-payload='{&quot;align&quot;:&quot;left&quot;,&quot;id&quot;:&quot;1721&quot;,&quot;slug&quot;:&quot;default&quot;,&quot;valign&quot;:&quot;top&quot;,&quot;ignore&quot;:&quot;&quot;,&quot;reference&quot;:&quot;auto&quot;,&quot;class&quot;:&quot;&quot;,&quot;count&quot;:&quot;0&quot;,&quot;legendonly&quot;:&quot;&quot;,&quot;readonly&quot;:&quot;&quot;,&quot;score&quot;:&quot;0&quot;,&quot;starsonly&quot;:&quot;&quot;,&quot;best&quot;:&quot;5&quot;,&quot;gap&quot;:&quot;5&quot;,&quot;greet&quot;:&quot;Rate this post&quot;,&quot;legend&quot;:&quot;0\\\/5 - (0 votos)&quot;,&quot;size&quot;:&quot;22&quot;,&quot;title&quot;:&quot;Predicador ser\u00e1 reeditado en julio mientras se acerca la serie del mismo t\u00edtulo en algo que promete ser macabro y espectacular...&quot;,&quot;width&quot;:&quot;0&quot;,&quot;_legend&quot;:&quot;{score}\\\/{best} - ({count} {votes})&quot;,&quot;font_factor&quot;:&quot;1.25&quot;}'>\n            \n<div class=\"kksr-stars\">\n    \n<div class=\"kksr-stars-inactive\">\n            <div class=\"kksr-star\" data-star=\"1\" style=\"padding-right: 5px\">\n            \n\n<div class=\"kksr-icon\" style=\"width: 22px; height: 22px;\"><\/div>\n        <\/div>\n            <div class=\"kksr-star\" data-star=\"2\" style=\"padding-right: 5px\">\n            \n\n<div class=\"kksr-icon\" style=\"width: 22px; height: 22px;\"><\/div>\n        <\/div>\n            <div class=\"kksr-star\" data-star=\"3\" style=\"padding-right: 5px\">\n            \n\n<div class=\"kksr-icon\" style=\"width: 22px; height: 22px;\"><\/div>\n        <\/div>\n            <div class=\"kksr-star\" data-star=\"4\" style=\"padding-right: 5px\">\n            \n\n<div class=\"kksr-icon\" style=\"width: 22px; height: 22px;\"><\/div>\n        <\/div>\n            <div class=\"kksr-star\" data-star=\"5\" style=\"padding-right: 5px\">\n            \n\n<div class=\"kksr-icon\" style=\"width: 22px; height: 22px;\"><\/div>\n        <\/div>\n    <\/div>\n    \n<div class=\"kksr-stars-active\" style=\"width: 0px;\">\n            <div class=\"kksr-star\" style=\"padding-right: 5px\">\n            \n\n<div class=\"kksr-icon\" style=\"width: 22px; height: 22px;\"><\/div>\n        <\/div>\n            <div class=\"kksr-star\" style=\"padding-right: 5px\">\n            \n\n<div class=\"kksr-icon\" style=\"width: 22px; height: 22px;\"><\/div>\n        <\/div>\n            <div class=\"kksr-star\" style=\"padding-right: 5px\">\n            \n\n<div class=\"kksr-icon\" style=\"width: 22px; height: 22px;\"><\/div>\n        <\/div>\n            <div class=\"kksr-star\" style=\"padding-right: 5px\">\n            \n\n<div class=\"kksr-icon\" style=\"width: 22px; height: 22px;\"><\/div>\n        <\/div>\n            <div class=\"kksr-star\" style=\"padding-right: 5px\">\n            \n\n<div class=\"kksr-icon\" style=\"width: 22px; height: 22px;\"><\/div>\n        <\/div>\n    <\/div>\n<\/div>\n                \n\n<div class=\"kksr-legend\" style=\"font-size: 17.6px;\">\n            <span class=\"kksr-muted\">Rate this post<\/span>\n    <\/div>\n    <\/div>\n<p>La gran y pol\u00e9mica obra de <strong><a href=\"http:\/\/es.wikipedia.org\/wiki\/Garth_Ennis\">Garth Ennis<\/a>\u00a0<\/strong>y <strong><a href=\"http:\/\/es.wikipedia.org\/wiki\/Steve_Dillon\">Steve Dillon<\/a>, <\/strong>Predicador, va a ser reeditada por ECC Ediciones a partir de este julio de 2014, en lo que parece ser una preparaci\u00f3n para uno de los estrenos m\u00e1s prometedores en el mundo de las series.<\/p>\n<p><img decoding=\"async\" src=\"http:\/\/www.seriesadictos.com\/wp-content\/uploads\/2014\/02\/Preacher_1_1280x1024.jpg\" alt=\"\" \/><\/p>\n<p>&nbsp;<\/p>\n<p>En efecto, probablemente <a title=\"Y despu\u00e9s de Walking Dead, la pr\u00f3xima gran serie de AMC ser\u00e1 el Predicador\u2026 esta s\u00ed que va a ser grande\" href=\"http:\/\/nosolocomics.com\/blog\/2014\/02\/10\/y-despues-de-walking-dead-la-proxima-gran-serie-de-amc-sera-el-predicador-esta-si-que-va-ser-grande\/\">la pr\u00f3xima temporada veremos el estreno <\/a>de esta serie que podr\u00eda ser protagonizada por <a href=\"http:\/\/es.wikipedia.org\/wiki\/Seth_Rogen\"><strong>Seth Rogen<\/strong><\/a>.<\/p>\n<p>Predicador,\u00a0cuenta la historia de un reverendo y su extravagante grupo de amigos que buscan a Dios pretendiendo acabar con \u00e9l. El reverendo es pose\u00eddo por un ente superior mitad \u00e1ngel, mitad demonio que le embarcar\u00e1 en tal empresa mientras es perseguido por varios grupos para evitar que consiga su prop\u00f3sito.<\/p>\n","protected":false},"excerpt":{"rendered":"<p>La gran y pol\u00e9mica obra de Garth Ennis\u00a0y Steve Dillon, Predicador, va a ser reeditada por ECC Ediciones a partir de este julio de 2014, en lo que parece ser una preparaci\u00f3n para uno de los estrenos m\u00e1s prometedores en el mundo de las series. &nbsp; En efecto, probablemente la pr\u00f3xima temporada veremos el estreno [&hellip;]<\/p>\n","protected":false},"author":1,"featured_media":1724,"comment_status":"open","ping_status":"open","sticky":false,"template":"","format":"standard","meta":{"_monsterinsights_skip_tracking":false,"_monsterinsights_sitenote_active":false,"_monsterinsights_sitenote_note":"","_monsterinsights_sitenote_category":0,"footnotes":""},"categories":[3],"tags":[52],"class_list":["post-1721","post","type-post","status-publish","format-standard","has-post-thumbnail","hentry","category-comics","tag-garth-ennis"],"aioseo_notices":[],"_links":{"self":[{"href":"https:\/\/www.nosolocomics.com\/blog\/wp-json\/wp\/v2\/posts\/1721","targetHints":{"allow":["GET"]}}],"collection":[{"href":"https:\/\/www.nosolocomics.com\/blog\/wp-json\/wp\/v2\/posts"}],"about":[{"href":"https:\/\/www.nosolocomics.com\/blog\/wp-json\/wp\/v2\/types\/post"}],"author":[{"embeddable":true,"href":"https:\/\/www.nosolocomics.com\/blog\/wp-json\/wp\/v2\/users\/1"}],"replies":[{"embeddable":true,"href":"https:\/\/www.nosolocomics.com\/blog\/wp-json\/wp\/v2\/comments?post=1721"}],"version-history":[{"count":2,"href":"https:\/\/www.nosolocomics.com\/blog\/wp-json\/wp\/v2\/posts\/1721\/revisions"}],"predecessor-version":[{"id":23803,"href":"https:\/\/www.nosolocomics.com\/blog\/wp-json\/wp\/v2\/posts\/1721\/revisions\/23803"}],"wp:featuredmedia":[{"embeddable":true,"href":"https:\/\/www.nosolocomics.com\/blog\/wp-json\/wp\/v2\/media\/1724"}],"wp:attachment":[{"href":"https:\/\/www.nosolocomics.com\/blog\/wp-json\/wp\/v2\/media?parent=1721"}],"wp:term":[{"taxonomy":"category","embeddable":true,"href":"https:\/\/www.nosolocomics.com\/blog\/wp-json\/wp\/v2\/categories?post=1721"},{"taxonomy":"post_tag","embeddable":true,"href":"https:\/\/www.nosolocomics.com\/blog\/wp-json\/wp\/v2\/tags?post=1721"}],"curies":[{"name":"wp","href":"https:\/\/api.w.org\/{rel}","templated":true}]}}