{"id":1853,"date":"2014-07-18T18:49:40","date_gmt":"2014-07-18T18:49:40","guid":{"rendered":"http:\/\/nosolocomics.com\/?p=1853"},"modified":"2022-01-02T18:28:47","modified_gmt":"2022-01-02T18:28:47","slug":"como-thor-sera-mujer-y-el-capitan-america-sera-de-raza-negra","status":"publish","type":"post","link":"https:\/\/www.nosolocomics.com\/blog\/comics\/como-thor-sera-mujer-y-el-capitan-america-sera-de-raza-negra\/","title":{"rendered":"C\u00f3mo??? Thor ser\u00e1 mujer y el capit\u00e1n Am\u00e9rica ser\u00e1 de raza negra&#8230;"},"content":{"rendered":"\n\n<div class=\"kk-star-ratings kksr-auto kksr-align-left kksr-valign-top\"\n    data-payload='{&quot;align&quot;:&quot;left&quot;,&quot;id&quot;:&quot;1853&quot;,&quot;slug&quot;:&quot;default&quot;,&quot;valign&quot;:&quot;top&quot;,&quot;ignore&quot;:&quot;&quot;,&quot;reference&quot;:&quot;auto&quot;,&quot;class&quot;:&quot;&quot;,&quot;count&quot;:&quot;0&quot;,&quot;legendonly&quot;:&quot;&quot;,&quot;readonly&quot;:&quot;&quot;,&quot;score&quot;:&quot;0&quot;,&quot;starsonly&quot;:&quot;&quot;,&quot;best&quot;:&quot;5&quot;,&quot;gap&quot;:&quot;5&quot;,&quot;greet&quot;:&quot;Rate this post&quot;,&quot;legend&quot;:&quot;0\\\/5 - (0 votos)&quot;,&quot;size&quot;:&quot;22&quot;,&quot;title&quot;:&quot;C\u00f3mo??? Thor ser\u00e1 mujer y el capit\u00e1n Am\u00e9rica ser\u00e1 de raza negra...&quot;,&quot;width&quot;:&quot;0&quot;,&quot;_legend&quot;:&quot;{score}\\\/{best} - ({count} {votes})&quot;,&quot;font_factor&quot;:&quot;1.25&quot;}'>\n            \n<div class=\"kksr-stars\">\n    \n<div class=\"kksr-stars-inactive\">\n            <div class=\"kksr-star\" data-star=\"1\" style=\"padding-right: 5px\">\n            \n\n<div class=\"kksr-icon\" style=\"width: 22px; height: 22px;\"><\/div>\n        <\/div>\n            <div class=\"kksr-star\" data-star=\"2\" style=\"padding-right: 5px\">\n            \n\n<div class=\"kksr-icon\" style=\"width: 22px; height: 22px;\"><\/div>\n        <\/div>\n            <div class=\"kksr-star\" data-star=\"3\" style=\"padding-right: 5px\">\n            \n\n<div class=\"kksr-icon\" style=\"width: 22px; height: 22px;\"><\/div>\n        <\/div>\n            <div class=\"kksr-star\" data-star=\"4\" style=\"padding-right: 5px\">\n            \n\n<div class=\"kksr-icon\" style=\"width: 22px; height: 22px;\"><\/div>\n        <\/div>\n            <div class=\"kksr-star\" data-star=\"5\" style=\"padding-right: 5px\">\n            \n\n<div class=\"kksr-icon\" style=\"width: 22px; height: 22px;\"><\/div>\n        <\/div>\n    <\/div>\n    \n<div class=\"kksr-stars-active\" style=\"width: 0px;\">\n            <div class=\"kksr-star\" style=\"padding-right: 5px\">\n            \n\n<div class=\"kksr-icon\" style=\"width: 22px; height: 22px;\"><\/div>\n        <\/div>\n            <div class=\"kksr-star\" style=\"padding-right: 5px\">\n            \n\n<div class=\"kksr-icon\" style=\"width: 22px; height: 22px;\"><\/div>\n        <\/div>\n            <div class=\"kksr-star\" style=\"padding-right: 5px\">\n            \n\n<div class=\"kksr-icon\" style=\"width: 22px; height: 22px;\"><\/div>\n        <\/div>\n            <div class=\"kksr-star\" style=\"padding-right: 5px\">\n            \n\n<div class=\"kksr-icon\" style=\"width: 22px; height: 22px;\"><\/div>\n        <\/div>\n            <div class=\"kksr-star\" style=\"padding-right: 5px\">\n            \n\n<div class=\"kksr-icon\" style=\"width: 22px; height: 22px;\"><\/div>\n        <\/div>\n    <\/div>\n<\/div>\n                \n\n<div class=\"kksr-legend\" style=\"font-size: 17.6px;\">\n            <span class=\"kksr-muted\">Rate this post<\/span>\n    <\/div>\n    <\/div>\n<p>Mande??? Pues s\u00ed que estamos por los cambios&#8230; Que conste que no tengo nada en contra de ambos movimientos que me parecen muy buenas ideas pero me he quedado patidifuso&#8230; Marvel est\u00e1 por sorprender&#8230;<\/p>\n<p>Pues se ve que Thor no se ha portado muy bien \u00faltimamente y, en el \u00faltimo arco argumental del personaje, se le arrebata el derecho a portar el <strong>martillo\u00a0Mjolnir,\u00a0<\/strong>que pasar\u00e1 a manos de una mujer y que ser\u00e1 la que continuar\u00e1 como protagonista de la colecci\u00f3n de Thor. La obra a cargo de<a href=\"http:\/\/jasoneaaron.blogspot.com.es\/\">\u00a0<strong>Jason Aaron<\/strong><\/a>\u00a0y de\u00a0<a href=\"http:\/\/www.russelldauterman.com\/\"><strong>Russell Dauterman<\/strong><\/a>\u00a0promete\u00a0mover r\u00edos de tinta&#8230; Veremos c\u00f3mo afecta esto a la franquicia cinematogr\u00e1fica&#8230;<\/p>\n<p>Aqui las nuevas im\u00e1genes:<\/p>\n<p><a href=\"http:\/\/nosolocomics.com\/blog\/wp-content\/uploads\/2014\/07\/THOR-001_cover-500x760.jpg\"><img loading=\"lazy\" decoding=\"async\" class=\"size-full wp-image-1855 aligncenter\" src=\"http:\/\/nosolocomics.com\/blog\/wp-content\/uploads\/2014\/07\/THOR-001_cover-500x760.jpg\" alt=\"THOR-001_cover-500x760\" width=\"500\" height=\"760\" \/><\/a> <a href=\"http:\/\/nosolocomics.com\/blog\/wp-content\/uploads\/2014\/07\/Thor-001-500x710.jpg\"><img loading=\"lazy\" decoding=\"async\" class=\"size-full wp-image-1856 aligncenter\" src=\"http:\/\/nosolocomics.com\/blog\/wp-content\/uploads\/2014\/07\/Thor-001-500x710.jpg\" alt=\"Thor-001-500x710\" width=\"500\" height=\"710\" \/><\/a><\/p>\n<p>Parece que, de todas maneras, el personaje cl\u00e1sico seguir\u00e1 sus aventuras pero ya no como dios del trueno. En este cartel que podr\u00eda ser un muy buen spoiler se ve a un ex-dios del trueno como miembro de <strong>los Vengadores<\/strong> que porta un hacha y un brazo amputado, resultado de la historia que probablemente explicar\u00e1 todos estos acontecimientos y la ca\u00edda en desgracia de <strong>Thor.<\/strong><\/p>\n<p><img decoding=\"async\" class=\"aligncenter\" src=\"http:\/\/www.zonanegativa.com\/imagenes\/2014\/07\/81-500x759.jpg\" alt=\"8\" \/><\/p>\n<p>Pero a\u00fan hay m\u00e1s, en esta suerte de movimientos revolucionarios, el <strong>capit\u00e1n Am\u00e9rica<\/strong> ser\u00e1 de raza negra&#8230; <a href=\"http:\/\/es.wikipedia.org\/wiki\/Capit%C3%A1n_Am%C3%A9rica\"><strong>Steve Rogers<\/strong><\/a>, el capit\u00e1n Am\u00e9rica de siempre ha decidido, despu\u00e9s de perder el suero del supersoldado y no verse en condiciones de mantener el tipo, ceder su puesto a su viejo amigo, <strong>Sam Wilson<\/strong>, o el <strong><a href=\"http:\/\/es.wikipedia.org\/wiki\/Falcon_(c%C3%B3mic)\">Halc\u00f3n<\/a><\/strong> (al que algunos ya conocer\u00e9is y que, precisamente apareci\u00f3 en <a href=\"http:\/\/www.filmaffinity.com\/es\/film654236.html\"><strong>Capit\u00e1n Am\u00e9rica 2: el soldado de invierno<\/strong><\/a>.<\/p>\n<p>Aqu\u00ed lo nuevo y lo viejo con la primera foto spoiler&#8230;<\/p>\n<p><img decoding=\"async\" class=\"aligncenter\" src=\"http:\/\/www.zonanegativa.com\/imagenes\/2014\/07\/Capitan-Simone-Bianchi.jpg\" alt=\"\" \/><a href=\"http:\/\/nosolocomics.com\/blog\/wp-content\/uploads\/2014\/07\/Halcon-Capitan-America-500x500.jpg\"><img loading=\"lazy\" decoding=\"async\" class=\"size-full wp-image-1858 aligncenter\" src=\"http:\/\/nosolocomics.com\/blog\/wp-content\/uploads\/2014\/07\/Halcon-Capitan-America-500x500.jpg\" alt=\"Halcon-Capitan-America-500x500\" width=\"500\" height=\"500\" \/><\/a><\/p>\n<p>Le\u00eddo en <a href=\"http:\/\/www.zonanegativa.com\/muchas-curvas-para-dar-la-bienvenida-al-all-new-thor\/\">zonanegativa<\/a><\/p>\n","protected":false},"excerpt":{"rendered":"<p>Mande??? Pues s\u00ed que estamos por los cambios&#8230; Que conste que no tengo nada en contra de ambos movimientos que me parecen muy buenas ideas pero me he quedado patidifuso&#8230; Marvel est\u00e1 por sorprender&#8230; Pues se ve que Thor no se ha portado muy bien \u00faltimamente y, en el \u00faltimo arco argumental del personaje, se [&hellip;]<\/p>\n","protected":false},"author":1,"featured_media":1856,"comment_status":"open","ping_status":"open","sticky":false,"template":"","format":"standard","meta":{"_monsterinsights_skip_tracking":false,"_monsterinsights_sitenote_active":false,"_monsterinsights_sitenote_note":"","_monsterinsights_sitenote_category":0,"footnotes":""},"categories":[3],"tags":[26,113],"class_list":["post-1853","post","type-post","status-publish","format-standard","has-post-thumbnail","hentry","category-comics","tag-capitan-america","tag-thor"],"aioseo_notices":[],"_links":{"self":[{"href":"https:\/\/www.nosolocomics.com\/blog\/wp-json\/wp\/v2\/posts\/1853","targetHints":{"allow":["GET"]}}],"collection":[{"href":"https:\/\/www.nosolocomics.com\/blog\/wp-json\/wp\/v2\/posts"}],"about":[{"href":"https:\/\/www.nosolocomics.com\/blog\/wp-json\/wp\/v2\/types\/post"}],"author":[{"embeddable":true,"href":"https:\/\/www.nosolocomics.com\/blog\/wp-json\/wp\/v2\/users\/1"}],"replies":[{"embeddable":true,"href":"https:\/\/www.nosolocomics.com\/blog\/wp-json\/wp\/v2\/comments?post=1853"}],"version-history":[{"count":6,"href":"https:\/\/www.nosolocomics.com\/blog\/wp-json\/wp\/v2\/posts\/1853\/revisions"}],"predecessor-version":[{"id":22306,"href":"https:\/\/www.nosolocomics.com\/blog\/wp-json\/wp\/v2\/posts\/1853\/revisions\/22306"}],"wp:featuredmedia":[{"embeddable":true,"href":"https:\/\/www.nosolocomics.com\/blog\/wp-json\/wp\/v2\/media\/1856"}],"wp:attachment":[{"href":"https:\/\/www.nosolocomics.com\/blog\/wp-json\/wp\/v2\/media?parent=1853"}],"wp:term":[{"taxonomy":"category","embeddable":true,"href":"https:\/\/www.nosolocomics.com\/blog\/wp-json\/wp\/v2\/categories?post=1853"},{"taxonomy":"post_tag","embeddable":true,"href":"https:\/\/www.nosolocomics.com\/blog\/wp-json\/wp\/v2\/tags?post=1853"}],"curies":[{"name":"wp","href":"https:\/\/api.w.org\/{rel}","templated":true}]}}