{"id":2042,"date":"2014-09-17T18:45:26","date_gmt":"2014-09-17T18:45:26","guid":{"rendered":"http:\/\/nosolocomics.com\/?p=2042"},"modified":"2022-09-11T17:44:25","modified_gmt":"2022-09-11T17:44:25","slug":"sigue-la-revolucion-marvel-spiderman-se-convierte-en-un-x-men","status":"publish","type":"post","link":"https:\/\/www.nosolocomics.com\/blog\/comics\/sigue-la-revolucion-marvel-spiderman-se-convierte-en-un-x-men\/","title":{"rendered":"Sigue la revoluci\u00f3n Marvel&#8230; Spiderman se convierte en un X-Men"},"content":{"rendered":"\n\n<div class=\"kk-star-ratings kksr-auto kksr-align-left kksr-valign-top\"\n    data-payload='{&quot;align&quot;:&quot;left&quot;,&quot;id&quot;:&quot;2042&quot;,&quot;slug&quot;:&quot;default&quot;,&quot;valign&quot;:&quot;top&quot;,&quot;ignore&quot;:&quot;&quot;,&quot;reference&quot;:&quot;auto&quot;,&quot;class&quot;:&quot;&quot;,&quot;count&quot;:&quot;0&quot;,&quot;legendonly&quot;:&quot;&quot;,&quot;readonly&quot;:&quot;&quot;,&quot;score&quot;:&quot;0&quot;,&quot;starsonly&quot;:&quot;&quot;,&quot;best&quot;:&quot;5&quot;,&quot;gap&quot;:&quot;5&quot;,&quot;greet&quot;:&quot;Rate this post&quot;,&quot;legend&quot;:&quot;0\\\/5 - (0 votos)&quot;,&quot;size&quot;:&quot;22&quot;,&quot;title&quot;:&quot;Sigue la revoluci\u00f3n Marvel... Spiderman se convierte en un X-Men&quot;,&quot;width&quot;:&quot;0&quot;,&quot;_legend&quot;:&quot;{score}\\\/{best} - ({count} {votes})&quot;,&quot;font_factor&quot;:&quot;1.25&quot;}'>\n            \n<div class=\"kksr-stars\">\n    \n<div class=\"kksr-stars-inactive\">\n            <div class=\"kksr-star\" data-star=\"1\" style=\"padding-right: 5px\">\n            \n\n<div class=\"kksr-icon\" style=\"width: 22px; height: 22px;\"><\/div>\n        <\/div>\n            <div class=\"kksr-star\" data-star=\"2\" style=\"padding-right: 5px\">\n            \n\n<div class=\"kksr-icon\" style=\"width: 22px; height: 22px;\"><\/div>\n        <\/div>\n            <div class=\"kksr-star\" data-star=\"3\" style=\"padding-right: 5px\">\n            \n\n<div class=\"kksr-icon\" style=\"width: 22px; height: 22px;\"><\/div>\n        <\/div>\n            <div class=\"kksr-star\" data-star=\"4\" style=\"padding-right: 5px\">\n            \n\n<div class=\"kksr-icon\" style=\"width: 22px; height: 22px;\"><\/div>\n        <\/div>\n            <div class=\"kksr-star\" data-star=\"5\" style=\"padding-right: 5px\">\n            \n\n<div class=\"kksr-icon\" style=\"width: 22px; height: 22px;\"><\/div>\n        <\/div>\n    <\/div>\n    \n<div class=\"kksr-stars-active\" style=\"width: 0px;\">\n            <div class=\"kksr-star\" style=\"padding-right: 5px\">\n            \n\n<div class=\"kksr-icon\" style=\"width: 22px; height: 22px;\"><\/div>\n        <\/div>\n            <div class=\"kksr-star\" style=\"padding-right: 5px\">\n            \n\n<div class=\"kksr-icon\" style=\"width: 22px; height: 22px;\"><\/div>\n        <\/div>\n            <div class=\"kksr-star\" style=\"padding-right: 5px\">\n            \n\n<div class=\"kksr-icon\" style=\"width: 22px; height: 22px;\"><\/div>\n        <\/div>\n            <div class=\"kksr-star\" style=\"padding-right: 5px\">\n            \n\n<div class=\"kksr-icon\" style=\"width: 22px; height: 22px;\"><\/div>\n        <\/div>\n            <div class=\"kksr-star\" style=\"padding-right: 5px\">\n            \n\n<div class=\"kksr-icon\" style=\"width: 22px; height: 22px;\"><\/div>\n        <\/div>\n    <\/div>\n<\/div>\n                \n\n<div class=\"kksr-legend\" style=\"font-size: 17.6px;\">\n            <span class=\"kksr-muted\">Rate this post<\/span>\n    <\/div>\n    <\/div>\n<p>Lo siento amigos, parece que Marvel no quiere resucitar a <a href=\"http:\/\/www.lacasadeel.net\/2014\/08\/primer-vistazo-la-muerte-de-lobezno-2.html\">Lobezno despu\u00e9s de su muerte<\/a>\u00a0y por ese motivo y, para sustituirlo, Marvel\u00a0lo hace a lo grande, nada m\u00e1s y nada menos que <strong>Spiderman<\/strong>&#8230; (aunque bueno el tiempo dir\u00e1, yo creo que Lobezno vuelve en menos de 2 a\u00f1os)&#8230;<\/p>\n<p>En efecto, tras\u00a0<em>\u201c<strong>Lobezno y la Patrulla X\u201d<\/strong><\/em>, la colecci\u00f3n pasar\u00e1 a llamarse <em>\u201c<strong>Spiderman\u00a0y la Patrulla X\u201d,\u00a0<\/strong><\/em>empezando este diciembre a publicarse en Estados Unidos.<\/p>\n<p>Los artistas ser\u00e1n\u00a0el dibujante\u00a0<strong>Elliot Kallan<\/strong> y <strong>Marco Failla<\/strong>\u00a0y, en el argumento, se nos contar\u00e1 como Spiderman entra a ser\u00a0profesor en la <strong>Escuela Jean Grey para\u00a0Jovenes Talentos\u00a0<\/strong>por deseo expreso de Lobezno. All\u00ed se dedicar\u00e1 a investigar a un posible topo que pueda haber sido\u00a0infiltrado por los enemigos de los\u00a0X-Men entre los j\u00f3venes alumnos.<\/p>\n<p><a href=\"http:\/\/nosolocomics.com\/blog\/wp-content\/uploads\/2014\/09\/spider-man-and-the-x-men-2.jpg\"><img loading=\"lazy\" decoding=\"async\" class=\"alignnone size-full wp-image-2043\" src=\"http:\/\/nosolocomics.com\/blog\/wp-content\/uploads\/2014\/09\/spider-man-and-the-x-men-2.jpg\" alt=\"spider-man-and-the-x-men-2\" width=\"553\" height=\"840\" srcset=\"https:\/\/www.nosolocomics.com\/blog\/wp-content\/uploads\/2014\/09\/spider-man-and-the-x-men-2.jpg 553w, https:\/\/www.nosolocomics.com\/blog\/wp-content\/uploads\/2014\/09\/spider-man-and-the-x-men-2-198x300.jpg 198w\" sizes=\"auto, (max-width: 553px) 100vw, 553px\" \/><\/a><\/p>\n<p>El dibujante Elliot Kallan comenta sobre la serie<em> \u201cLos X-Men no se alegran mucho de la llegada de Peter Parker porque \u00e9l no es un mutante, sin embargo ya es como de la familia\u201d<\/em>,<\/p>\n<p>Se me antoja que van a haber problemas de nuevo en esa familia, no siempre bien avenida, que son los X-Men&#8230;<\/p>\n<p>Un cap\u00edtulo m\u00e1s en la revoluci\u00f3n Marvel, despu\u00e9s de que supi\u00e9semos que el <a title=\"C\u00f3mo??? Thor ser\u00e1 mujer y el capit\u00e1n Am\u00e9rica ser\u00e1 de raza negra\u2026\" href=\"http:\/\/nosolocomics.com\/blog\/2014\/07\/18\/como-thor-sera-mujer-y-el-capitan-america-sera-de-raza-negra\/\">nuevo Thor iba a ser una mujer y que el nuevo capit\u00e1n Am\u00e9rica ser\u00e1 un personaje de raza negra<\/a>.<\/p>\n<p>Visita la Tienda Marvel en nosolocomics.<\/p>\n<p>Le\u00eddo en <a href=\"http:\/\/www.lacasadeel.net\/2014\/09\/spiderman-y-la-patrulla-x-nuevo-comic-marvel.html\">LaCasadeEl<\/a><\/p>\n","protected":false},"excerpt":{"rendered":"<p>Lo siento amigos, parece que Marvel no quiere resucitar a Lobezno despu\u00e9s de su muerte\u00a0y por ese motivo y, para sustituirlo, Marvel\u00a0lo hace a lo grande, nada m\u00e1s y nada menos que Spiderman&#8230; (aunque bueno el tiempo dir\u00e1, yo creo que Lobezno vuelve en menos de 2 a\u00f1os)&#8230; En efecto, tras\u00a0\u201cLobezno y la Patrulla X\u201d, [&hellip;]<\/p>\n","protected":false},"author":1,"featured_media":2043,"comment_status":"open","ping_status":"open","sticky":false,"template":"","format":"standard","meta":{"_monsterinsights_skip_tracking":false,"_monsterinsights_sitenote_active":false,"_monsterinsights_sitenote_note":"","_monsterinsights_sitenote_category":0,"footnotes":""},"categories":[3],"tags":[78,102,127],"class_list":["post-2042","post","type-post","status-publish","format-standard","has-post-thumbnail","hentry","category-comics","tag-lobezno","tag-spiderman","tag-x-men"],"aioseo_notices":[],"_links":{"self":[{"href":"https:\/\/www.nosolocomics.com\/blog\/wp-json\/wp\/v2\/posts\/2042","targetHints":{"allow":["GET"]}}],"collection":[{"href":"https:\/\/www.nosolocomics.com\/blog\/wp-json\/wp\/v2\/posts"}],"about":[{"href":"https:\/\/www.nosolocomics.com\/blog\/wp-json\/wp\/v2\/types\/post"}],"author":[{"embeddable":true,"href":"https:\/\/www.nosolocomics.com\/blog\/wp-json\/wp\/v2\/users\/1"}],"replies":[{"embeddable":true,"href":"https:\/\/www.nosolocomics.com\/blog\/wp-json\/wp\/v2\/comments?post=2042"}],"version-history":[{"count":3,"href":"https:\/\/www.nosolocomics.com\/blog\/wp-json\/wp\/v2\/posts\/2042\/revisions"}],"predecessor-version":[{"id":23732,"href":"https:\/\/www.nosolocomics.com\/blog\/wp-json\/wp\/v2\/posts\/2042\/revisions\/23732"}],"wp:featuredmedia":[{"embeddable":true,"href":"https:\/\/www.nosolocomics.com\/blog\/wp-json\/wp\/v2\/media\/2043"}],"wp:attachment":[{"href":"https:\/\/www.nosolocomics.com\/blog\/wp-json\/wp\/v2\/media?parent=2042"}],"wp:term":[{"taxonomy":"category","embeddable":true,"href":"https:\/\/www.nosolocomics.com\/blog\/wp-json\/wp\/v2\/categories?post=2042"},{"taxonomy":"post_tag","embeddable":true,"href":"https:\/\/www.nosolocomics.com\/blog\/wp-json\/wp\/v2\/tags?post=2042"}],"curies":[{"name":"wp","href":"https:\/\/api.w.org\/{rel}","templated":true}]}}