{"id":8304,"date":"2014-10-15T17:37:15","date_gmt":"2014-10-15T17:37:15","guid":{"rendered":"http:\/\/nosolocomics.com\/?p=8304"},"modified":"2022-01-02T18:28:49","modified_gmt":"2022-01-02T18:28:49","slug":"siiiiii-capitan-america-3-contara-la-civil-war-una-de-las-grandes-epopeyas-marvel","status":"publish","type":"post","link":"https:\/\/www.nosolocomics.com\/blog\/seriespeliculas\/siiiiii-capitan-america-3-contara-la-civil-war-una-de-las-grandes-epopeyas-marvel\/","title":{"rendered":"S\u00ed\u00ed\u00ed\u00ed\u00ed\u00ed !!!! Capit\u00e1n Am\u00e9rica 3 contar\u00e1 la Civil War&#8230; una de las grandes epopeyas Marvel&#8230;"},"content":{"rendered":"\n\n<div class=\"kk-star-ratings kksr-auto kksr-align-left kksr-valign-top\"\n    data-payload='{&quot;align&quot;:&quot;left&quot;,&quot;id&quot;:&quot;8304&quot;,&quot;slug&quot;:&quot;default&quot;,&quot;valign&quot;:&quot;top&quot;,&quot;ignore&quot;:&quot;&quot;,&quot;reference&quot;:&quot;auto&quot;,&quot;class&quot;:&quot;&quot;,&quot;count&quot;:&quot;0&quot;,&quot;legendonly&quot;:&quot;&quot;,&quot;readonly&quot;:&quot;&quot;,&quot;score&quot;:&quot;0&quot;,&quot;starsonly&quot;:&quot;&quot;,&quot;best&quot;:&quot;5&quot;,&quot;gap&quot;:&quot;5&quot;,&quot;greet&quot;:&quot;Rate this post&quot;,&quot;legend&quot;:&quot;0\\\/5 - (0 votos)&quot;,&quot;size&quot;:&quot;22&quot;,&quot;title&quot;:&quot;S\u00ed\u00ed\u00ed\u00ed\u00ed\u00ed !!!! Capit\u00e1n Am\u00e9rica 3 contar\u00e1 la Civil War... una de las grandes epopeyas Marvel...&quot;,&quot;width&quot;:&quot;0&quot;,&quot;_legend&quot;:&quot;{score}\\\/{best} - ({count} {votes})&quot;,&quot;font_factor&quot;:&quot;1.25&quot;}'>\n            \n<div class=\"kksr-stars\">\n    \n<div class=\"kksr-stars-inactive\">\n            <div class=\"kksr-star\" data-star=\"1\" style=\"padding-right: 5px\">\n            \n\n<div class=\"kksr-icon\" style=\"width: 22px; height: 22px;\"><\/div>\n        <\/div>\n            <div class=\"kksr-star\" data-star=\"2\" style=\"padding-right: 5px\">\n            \n\n<div class=\"kksr-icon\" style=\"width: 22px; height: 22px;\"><\/div>\n        <\/div>\n            <div class=\"kksr-star\" data-star=\"3\" style=\"padding-right: 5px\">\n            \n\n<div class=\"kksr-icon\" style=\"width: 22px; height: 22px;\"><\/div>\n        <\/div>\n            <div class=\"kksr-star\" data-star=\"4\" style=\"padding-right: 5px\">\n            \n\n<div class=\"kksr-icon\" style=\"width: 22px; height: 22px;\"><\/div>\n        <\/div>\n            <div class=\"kksr-star\" data-star=\"5\" style=\"padding-right: 5px\">\n            \n\n<div class=\"kksr-icon\" style=\"width: 22px; height: 22px;\"><\/div>\n        <\/div>\n    <\/div>\n    \n<div class=\"kksr-stars-active\" style=\"width: 0px;\">\n            <div class=\"kksr-star\" style=\"padding-right: 5px\">\n            \n\n<div class=\"kksr-icon\" style=\"width: 22px; height: 22px;\"><\/div>\n        <\/div>\n            <div class=\"kksr-star\" style=\"padding-right: 5px\">\n            \n\n<div class=\"kksr-icon\" style=\"width: 22px; height: 22px;\"><\/div>\n        <\/div>\n            <div class=\"kksr-star\" style=\"padding-right: 5px\">\n            \n\n<div class=\"kksr-icon\" style=\"width: 22px; height: 22px;\"><\/div>\n        <\/div>\n            <div class=\"kksr-star\" style=\"padding-right: 5px\">\n            \n\n<div class=\"kksr-icon\" style=\"width: 22px; height: 22px;\"><\/div>\n        <\/div>\n            <div class=\"kksr-star\" style=\"padding-right: 5px\">\n            \n\n<div class=\"kksr-icon\" style=\"width: 22px; height: 22px;\"><\/div>\n        <\/div>\n    <\/div>\n<\/div>\n                \n\n<div class=\"kksr-legend\" style=\"font-size: 17.6px;\">\n            <span class=\"kksr-muted\">Rate this post<\/span>\n    <\/div>\n    <\/div>\n<p>Cargadito viene el panorama <strong>Marvel<\/strong>&#8230; Despu\u00e9s de las idas y venidas de <strong>Robert Downey Jr<\/strong> que afirmaba ahora s\u00ed, ahora no, que no volver\u00eda a encarnar a <strong>Iron Man<\/strong>, surge la noticia bomba&#8230; Marvel\u00a0que ya est\u00e1 preparando <strong>Capit\u00e1n Am\u00e9rica 3<\/strong>, basar\u00eda \u00e9sta el argumento de <strong>Civil War<\/strong>, uno de los c\u00f3mics m\u00e1s exitosos e intersantes acaecidos en el universo Marvel en los \u00faltimos a\u00f1os&#8230;<\/p>\n<p><a href=\"http:\/\/nosolocomics.com\/blog\/wp-content\/uploads\/2014\/10\/Civil-War1.jpg\"><img loading=\"lazy\" decoding=\"async\" class=\"alignnone size-full wp-image-8306\" src=\"http:\/\/nosolocomics.com\/blog\/wp-content\/uploads\/2014\/10\/Civil-War1.jpg\" alt=\"Civil War\" width=\"2560\" height=\"1940\" \/><\/a><\/p>\n<p><a href=\"http:\/\/es.wikipedia.org\/wiki\/Civil_War_(Marvel_Comics)\"><strong>Civil War<\/strong><\/a>, obra del guionista <strong><a title=\"Mark Millar\" href=\"http:\/\/es.wikipedia.org\/wiki\/Mark_Millar\">Mark Millar<\/a><\/strong>\u00a0y el dibujante\u00a0<strong><a title=\"Steve McNiven\" href=\"http:\/\/es.wikipedia.org\/wiki\/Steve_McNiven\">Steve McNiven<\/a>, <\/strong>fue una serie especial\u00a0publicada en 2006 a lo largo de 7 n\u00fameros donde todos los superh\u00e9roes se enfrentaban entre s\u00ed en una suerte de guerra civil. El motivo, la Ley de Registro de Superhumanos que promulga el gobierno de Estados Unidos a ra\u00edz de un desastre que causa 600 muertes provocado por la utilizaci\u00f3n de superpoderes.<\/p>\n<p>Esta ley obliga a los superh\u00e9roes a revelar sus identidades, lo cual hace que entre \u00e9stos se creeen\u00a0dos facciones, a favor y en contra de la ley. De un lado, como comandante de la facci\u00f3n a favor de la ley, <strong>Iron Man<\/strong>, mientras que el <strong>capit\u00e1n Am\u00e9rica<\/strong> encabeza el movimiento clandestino que vela por el anonimato de los superh\u00e9roes.<\/p>\n<p><a href=\"http:\/\/nosolocomics.com\/blog\/wp-content\/uploads\/2014\/10\/los-vengadores-no-ganc3b3-el-oscar-pero-tambic3a9n-se-lo-merecc3ada.jpg\"><img loading=\"lazy\" decoding=\"async\" class=\"alignnone size-full wp-image-8311\" src=\"http:\/\/nosolocomics.com\/blog\/wp-content\/uploads\/2014\/10\/los-vengadores-no-ganc3b3-el-oscar-pero-tambic3a9n-se-lo-merecc3ada.jpg\" alt=\"los-vengadores-no-ganc3b3-el-oscar-pero-tambic3a9n-se-lo-merecc3ada\" width=\"1920\" height=\"1080\" \/><\/a><\/p>\n<p>Veremos el reparto, ya que en la historia original, aparecen pr\u00e1cticamente todos los superh\u00e9roes principales, <strong>Iron Man<\/strong>, <strong>Capit\u00e1n Am\u00e9rica<\/strong>, <strong>Thor,<\/strong> <strong>Henry Pym<\/strong> (el hombre Hormiga) o <strong>Reed Richards<\/strong> (de los 4 Fant\u00e1sticos), adem\u00e1s de si, lo hab\u00e9is oido bien, <strong>Spiderman<\/strong> (aunque en este \u00faltimo caso, no sabemos si ser\u00eda posible su aparici\u00f3n al contar la Fox con los derechos del personaje).<\/p>\n<p>Veremos pues en mayo de 2016, la fecha del estreno. A partir de esta historia, se desarrollaron varios arcos argumentales que dieron continuidad a la historia y que, qui\u00e9n sabe, podr\u00edan ser los que articulasen la siguiente saga de pel\u00edculas Marvel, una vez se acabe la <a href=\"http:\/\/es.wikipedia.org\/wiki\/Universo_cinematogr%C3%A1fico_de_Marvel\"><strong>fase 3<\/strong><\/a>&#8230;<\/p>\n","protected":false},"excerpt":{"rendered":"<p>Cargadito viene el panorama Marvel&#8230; Despu\u00e9s de las idas y venidas de Robert Downey Jr que afirmaba ahora s\u00ed, ahora no, que no volver\u00eda a encarnar a Iron Man, surge la noticia bomba&#8230; Marvel\u00a0que ya est\u00e1 preparando Capit\u00e1n Am\u00e9rica 3, basar\u00eda \u00e9sta el argumento de Civil War, uno de los c\u00f3mics m\u00e1s exitosos e intersantes [&hellip;]<\/p>\n","protected":false},"author":1,"featured_media":8306,"comment_status":"open","ping_status":"open","sticky":false,"template":"","format":"standard","meta":{"_monsterinsights_skip_tracking":false,"_monsterinsights_sitenote_active":false,"_monsterinsights_sitenote_note":"","_monsterinsights_sitenote_category":0,"footnotes":""},"categories":[8],"tags":[26,66,83,102],"class_list":["post-8304","post","type-post","status-publish","format-standard","has-post-thumbnail","hentry","category-seriespeliculas","tag-capitan-america","tag-iron-man","tag-marvel","tag-spiderman"],"aioseo_notices":[],"_links":{"self":[{"href":"https:\/\/www.nosolocomics.com\/blog\/wp-json\/wp\/v2\/posts\/8304","targetHints":{"allow":["GET"]}}],"collection":[{"href":"https:\/\/www.nosolocomics.com\/blog\/wp-json\/wp\/v2\/posts"}],"about":[{"href":"https:\/\/www.nosolocomics.com\/blog\/wp-json\/wp\/v2\/types\/post"}],"author":[{"embeddable":true,"href":"https:\/\/www.nosolocomics.com\/blog\/wp-json\/wp\/v2\/users\/1"}],"replies":[{"embeddable":true,"href":"https:\/\/www.nosolocomics.com\/blog\/wp-json\/wp\/v2\/comments?post=8304"}],"version-history":[{"count":4,"href":"https:\/\/www.nosolocomics.com\/blog\/wp-json\/wp\/v2\/posts\/8304\/revisions"}],"predecessor-version":[{"id":22394,"href":"https:\/\/www.nosolocomics.com\/blog\/wp-json\/wp\/v2\/posts\/8304\/revisions\/22394"}],"wp:featuredmedia":[{"embeddable":true,"href":"https:\/\/www.nosolocomics.com\/blog\/wp-json\/"}],"wp:attachment":[{"href":"https:\/\/www.nosolocomics.com\/blog\/wp-json\/wp\/v2\/media?parent=8304"}],"wp:term":[{"taxonomy":"category","embeddable":true,"href":"https:\/\/www.nosolocomics.com\/blog\/wp-json\/wp\/v2\/categories?post=8304"},{"taxonomy":"post_tag","embeddable":true,"href":"https:\/\/www.nosolocomics.com\/blog\/wp-json\/wp\/v2\/tags?post=8304"}],"curies":[{"name":"wp","href":"https:\/\/api.w.org\/{rel}","templated":true}]}}