{"id":8787,"date":"2014-10-17T18:48:40","date_gmt":"2014-10-17T18:48:40","guid":{"rendered":"http:\/\/nosolocomics.com\/?p=8787"},"modified":"2022-09-11T17:45:17","modified_gmt":"2022-09-11T17:45:17","slug":"warner-dc-contraataca-y-muestra-sus-planes-filmicos-hasta-2020","status":"publish","type":"post","link":"https:\/\/www.nosolocomics.com\/blog\/seriespeliculas\/warner-dc-contraataca-y-muestra-sus-planes-filmicos-hasta-2020\/","title":{"rendered":"Warner \/ DC contraataca y muestra sus planes f\u00edlmicos hasta 2020"},"content":{"rendered":"\n\n<div class=\"kk-star-ratings kksr-auto kksr-align-left kksr-valign-top\"\n    data-payload='{&quot;align&quot;:&quot;left&quot;,&quot;id&quot;:&quot;8787&quot;,&quot;slug&quot;:&quot;default&quot;,&quot;valign&quot;:&quot;top&quot;,&quot;ignore&quot;:&quot;&quot;,&quot;reference&quot;:&quot;auto&quot;,&quot;class&quot;:&quot;&quot;,&quot;count&quot;:&quot;0&quot;,&quot;legendonly&quot;:&quot;&quot;,&quot;readonly&quot;:&quot;&quot;,&quot;score&quot;:&quot;0&quot;,&quot;starsonly&quot;:&quot;&quot;,&quot;best&quot;:&quot;5&quot;,&quot;gap&quot;:&quot;5&quot;,&quot;greet&quot;:&quot;Rate this post&quot;,&quot;legend&quot;:&quot;0\\\/5 - (0 votos)&quot;,&quot;size&quot;:&quot;22&quot;,&quot;title&quot;:&quot;Warner \\\/ DC contraataca y muestra sus planes f\u00edlmicos hasta 2020&quot;,&quot;width&quot;:&quot;0&quot;,&quot;_legend&quot;:&quot;{score}\\\/{best} - ({count} {votes})&quot;,&quot;font_factor&quot;:&quot;1.25&quot;}'>\n            \n<div class=\"kksr-stars\">\n    \n<div class=\"kksr-stars-inactive\">\n            <div class=\"kksr-star\" data-star=\"1\" style=\"padding-right: 5px\">\n            \n\n<div class=\"kksr-icon\" style=\"width: 22px; height: 22px;\"><\/div>\n        <\/div>\n            <div class=\"kksr-star\" data-star=\"2\" style=\"padding-right: 5px\">\n            \n\n<div class=\"kksr-icon\" style=\"width: 22px; height: 22px;\"><\/div>\n        <\/div>\n            <div class=\"kksr-star\" data-star=\"3\" style=\"padding-right: 5px\">\n            \n\n<div class=\"kksr-icon\" style=\"width: 22px; height: 22px;\"><\/div>\n        <\/div>\n            <div class=\"kksr-star\" data-star=\"4\" style=\"padding-right: 5px\">\n            \n\n<div class=\"kksr-icon\" style=\"width: 22px; height: 22px;\"><\/div>\n        <\/div>\n            <div class=\"kksr-star\" data-star=\"5\" style=\"padding-right: 5px\">\n            \n\n<div class=\"kksr-icon\" style=\"width: 22px; height: 22px;\"><\/div>\n        <\/div>\n    <\/div>\n    \n<div class=\"kksr-stars-active\" style=\"width: 0px;\">\n            <div class=\"kksr-star\" style=\"padding-right: 5px\">\n            \n\n<div class=\"kksr-icon\" style=\"width: 22px; height: 22px;\"><\/div>\n        <\/div>\n            <div class=\"kksr-star\" style=\"padding-right: 5px\">\n            \n\n<div class=\"kksr-icon\" style=\"width: 22px; height: 22px;\"><\/div>\n        <\/div>\n            <div class=\"kksr-star\" style=\"padding-right: 5px\">\n            \n\n<div class=\"kksr-icon\" style=\"width: 22px; height: 22px;\"><\/div>\n        <\/div>\n            <div class=\"kksr-star\" style=\"padding-right: 5px\">\n            \n\n<div class=\"kksr-icon\" style=\"width: 22px; height: 22px;\"><\/div>\n        <\/div>\n            <div class=\"kksr-star\" style=\"padding-right: 5px\">\n            \n\n<div class=\"kksr-icon\" style=\"width: 22px; height: 22px;\"><\/div>\n        <\/div>\n    <\/div>\n<\/div>\n                \n\n<div class=\"kksr-legend\" style=\"font-size: 17.6px;\">\n            <span class=\"kksr-muted\">Rate this post<\/span>\n    <\/div>\n    <\/div>\n<p>Porque DC no puede\u00a0dormirse en los laureles si no quiere ser arrasado por el hurac\u00e1n Marvel,\u00a0esta semana Warner ha presentado su plan de pel\u00edculas de cara a 2020, confirmando <a title=\"DC Comics y Warner Bros tienen un plan\u2026 pero es que Marvel, Lucasfilm y Disney tienen dos\u2026\" href=\"http:\/\/nosolocomics.com\/blog\/2014\/06\/16\/dc-comics-y-warner-bros-tienen-un-plan-pero-marvel-lucasfilm-y-disney-tienen-dos\/\">algunos rumores que ya se apuntaban<\/a>&#8230;<\/p>\n<p>El presidente de Warner,\u00a0<strong>Kevin Tsujihara, <\/strong>ha\u00a0explicado el que ser\u00e1 el plan de estrenos en los pr\u00f3ximos 6 a\u00f1os:<\/p>\n<ul>\n<li><strong>2015: Batman vs Superman<\/strong>, la que ya conocemos de <a href=\"http:\/\/es.wikipedia.org\/wiki\/Zack_Snyder\"><strong>Zack Snyder<\/strong><\/a><\/li>\n<li><strong>2016: <a href=\"http:\/\/es.wikipedia.org\/wiki\/Escuadr%C3%B3n_Suicida\">Escuadron Suicida<\/a><\/strong> (Suicide Squad), dirigida por <strong>David Ayer<\/strong>.<\/li>\n<\/ul>\n<p><img decoding=\"async\" src=\"http:\/\/img1.wikia.nocookie.net\/__cb20120530101726\/smallville\/images\/9\/93\/2235697-suicide_squad_001_01.jpg\" alt=\"\" \/><\/p>\n<ul>\n<li><strong>2017: Justice League<\/strong> (o la segunda parte de Batman vs Superman y la competencia directa del supergrupo Marvel, <strong>Los Vengadores<\/strong>)<\/li>\n<li><strong>2017: <a href=\"http:\/\/es.wikipedia.org\/wiki\/Wonder_Woman\">Wonder Woman<\/a>\u00a0\u00a0<\/strong><\/li>\n<\/ul>\n<p><img decoding=\"async\" src=\"https:\/\/www.vidaproject.com\/Portals\/208814\/images\/wonder-woman.jpg\" alt=\"\" \/><\/p>\n<ul>\n<li><strong>2018<\/strong>: <a href=\"http:\/\/es.wikipedia.org\/wiki\/Flash_(c%C3%B3mic)\"><strong>Flash\u00a0<\/strong><\/a>interpretado por\u00a0<a href=\"http:\/\/es.wikipedia.org\/wiki\/Ezra_Miller\"><strong>Ezra Miller<\/strong><\/a><\/li>\n<\/ul>\n<p><img decoding=\"async\" src=\"http:\/\/www.madeinflex.com\/wp-content\/uploads\/2014\/05\/TheFlash.jpg\" alt=\"\" \/><\/p>\n<ul>\n<li><strong>2018:<\/strong> <a href=\"http:\/\/es.wikipedia.org\/wiki\/Aquaman\"><strong>Aquaman<\/strong> <\/a>interpretado por <a href=\"http:\/\/es.wikipedia.org\/wiki\/Jason_Momoa\"><strong>Jason Momoa<\/strong><\/a><\/li>\n<\/ul>\n<ul>\n<li><strong>2019:<\/strong> <a href=\"http:\/\/es.wikipedia.org\/wiki\/Shazam_(DC_Comics)\"><strong>Shazam<\/strong><\/a><\/li>\n<\/ul>\n<ul>\n<li><strong>2019:<\/strong> <strong>Justice League 2<\/strong>, tambi\u00e9n dirigida por <a href=\"http:\/\/es.wikipedia.org\/wiki\/Zack_Snyder\"><strong>Zack Snyder<\/strong><\/a><\/li>\n<li><strong>2020:<\/strong> reboot de <a href=\"http:\/\/es.wikipedia.org\/wiki\/Linterna_Verde\"><strong>Green Lantern<\/strong><\/a><\/li>\n<\/ul>\n<p><img decoding=\"async\" src=\"http:\/\/www.youthedesigner.com\/wp-content\/uploads\/2010\/08\/pretty-nice-green-lantern-artwork.jpg\" alt=\"\" \/><\/p>\n<ul>\n<li><strong>2020: <a href=\"http:\/\/es.wikipedia.org\/wiki\/Cyborg_(c%C3%B3mic)\">Cyborg<\/a><\/strong><\/li>\n<\/ul>\n<p><img decoding=\"async\" src=\"http:\/\/1.bp.blogspot.com\/-vvg0eJ7bY8I\/Tpn3cZs4rnI\/AAAAAAAAASA\/DEkNpn71HN4\/s1600\/sean_mcnally_cyborg_01c.jpg\" alt=\"\" \/><\/p>\n<ul>\n<li><strong>2020 y 2021<\/strong>: <strong>Batman<\/strong> y <strong>Superman<\/strong> como pel\u00edculas por separado.<\/li>\n<\/ul>\n<p>Nada que, cargadito est\u00e1 el tema y si a eso sumamos el universo Star Wars, la idea de que la Universal quiere crear su propia saga\u00a0de pel\u00edculas con personajes de terror (<strong>Dracula, La momia,<\/strong> <strong>Frankenstein,<\/strong> etc) y alguna otra saga que seguro aparecer\u00e1 pues andaremos bien servidos de cine de acci\u00f3n&#8230;<\/p>\n","protected":false},"excerpt":{"rendered":"<p>Porque DC no puede\u00a0dormirse en los laureles si no quiere ser arrasado por el hurac\u00e1n Marvel,\u00a0esta semana Warner ha presentado su plan de pel\u00edculas de cara a 2020, confirmando algunos rumores que ya se apuntaban&#8230; El presidente de Warner,\u00a0Kevin Tsujihara, ha\u00a0explicado el que ser\u00e1 el plan de estrenos en los pr\u00f3ximos 6 a\u00f1os: 2015: Batman [&hellip;]<\/p>\n","protected":false},"author":1,"featured_media":8796,"comment_status":"open","ping_status":"open","sticky":false,"template":"","format":"standard","meta":{"_monsterinsights_skip_tracking":false,"_monsterinsights_sitenote_active":false,"_monsterinsights_sitenote_note":"","_monsterinsights_sitenote_category":0,"footnotes":""},"categories":[8],"tags":[22,35,110],"class_list":["post-8787","post","type-post","status-publish","format-standard","has-post-thumbnail","hentry","category-seriespeliculas","tag-batman","tag-dc-comics","tag-superman"],"aioseo_notices":[],"_links":{"self":[{"href":"https:\/\/www.nosolocomics.com\/blog\/wp-json\/wp\/v2\/posts\/8787","targetHints":{"allow":["GET"]}}],"collection":[{"href":"https:\/\/www.nosolocomics.com\/blog\/wp-json\/wp\/v2\/posts"}],"about":[{"href":"https:\/\/www.nosolocomics.com\/blog\/wp-json\/wp\/v2\/types\/post"}],"author":[{"embeddable":true,"href":"https:\/\/www.nosolocomics.com\/blog\/wp-json\/wp\/v2\/users\/1"}],"replies":[{"embeddable":true,"href":"https:\/\/www.nosolocomics.com\/blog\/wp-json\/wp\/v2\/comments?post=8787"}],"version-history":[{"count":5,"href":"https:\/\/www.nosolocomics.com\/blog\/wp-json\/wp\/v2\/posts\/8787\/revisions"}],"predecessor-version":[{"id":23815,"href":"https:\/\/www.nosolocomics.com\/blog\/wp-json\/wp\/v2\/posts\/8787\/revisions\/23815"}],"wp:featuredmedia":[{"embeddable":true,"href":"https:\/\/www.nosolocomics.com\/blog\/wp-json\/"}],"wp:attachment":[{"href":"https:\/\/www.nosolocomics.com\/blog\/wp-json\/wp\/v2\/media?parent=8787"}],"wp:term":[{"taxonomy":"category","embeddable":true,"href":"https:\/\/www.nosolocomics.com\/blog\/wp-json\/wp\/v2\/categories?post=8787"},{"taxonomy":"post_tag","embeddable":true,"href":"https:\/\/www.nosolocomics.com\/blog\/wp-json\/wp\/v2\/tags?post=8787"}],"curies":[{"name":"wp","href":"https:\/\/api.w.org\/{rel}","templated":true}]}}