{"id":8833,"date":"2014-10-19T20:05:31","date_gmt":"2014-10-19T20:05:31","guid":{"rendered":"http:\/\/nosolocomics.com\/?p=8833"},"modified":"2022-01-02T18:28:49","modified_gmt":"2022-01-02T18:28:49","slug":"se-acerca-el-fin-de-el-hobbit-y-lo-recibimos-con-5-fantasticos-posters","status":"publish","type":"post","link":"https:\/\/www.nosolocomics.com\/blog\/seriespeliculas\/se-acerca-el-fin-de-el-hobbit-y-lo-recibimos-con-5-fantasticos-posters\/","title":{"rendered":"Se acerca el fin de El hobbit y lo recibimos con 5 fant\u00e1sticos p\u00f3sters&#8230;"},"content":{"rendered":"\n\n<div class=\"kk-star-ratings kksr-auto kksr-align-left kksr-valign-top\"\n    data-payload='{&quot;align&quot;:&quot;left&quot;,&quot;id&quot;:&quot;8833&quot;,&quot;slug&quot;:&quot;default&quot;,&quot;valign&quot;:&quot;top&quot;,&quot;ignore&quot;:&quot;&quot;,&quot;reference&quot;:&quot;auto&quot;,&quot;class&quot;:&quot;&quot;,&quot;count&quot;:&quot;0&quot;,&quot;legendonly&quot;:&quot;&quot;,&quot;readonly&quot;:&quot;&quot;,&quot;score&quot;:&quot;0&quot;,&quot;starsonly&quot;:&quot;&quot;,&quot;best&quot;:&quot;5&quot;,&quot;gap&quot;:&quot;5&quot;,&quot;greet&quot;:&quot;Rate this post&quot;,&quot;legend&quot;:&quot;0\\\/5 - (0 votos)&quot;,&quot;size&quot;:&quot;22&quot;,&quot;title&quot;:&quot;Se acerca el fin de El hobbit y lo recibimos con 5 fant\u00e1sticos p\u00f3sters...&quot;,&quot;width&quot;:&quot;0&quot;,&quot;_legend&quot;:&quot;{score}\\\/{best} - ({count} {votes})&quot;,&quot;font_factor&quot;:&quot;1.25&quot;}'>\n            \n<div class=\"kksr-stars\">\n    \n<div class=\"kksr-stars-inactive\">\n            <div class=\"kksr-star\" data-star=\"1\" style=\"padding-right: 5px\">\n            \n\n<div class=\"kksr-icon\" style=\"width: 22px; height: 22px;\"><\/div>\n        <\/div>\n            <div class=\"kksr-star\" data-star=\"2\" style=\"padding-right: 5px\">\n            \n\n<div class=\"kksr-icon\" style=\"width: 22px; height: 22px;\"><\/div>\n        <\/div>\n            <div class=\"kksr-star\" data-star=\"3\" style=\"padding-right: 5px\">\n            \n\n<div class=\"kksr-icon\" style=\"width: 22px; height: 22px;\"><\/div>\n        <\/div>\n            <div class=\"kksr-star\" data-star=\"4\" style=\"padding-right: 5px\">\n            \n\n<div class=\"kksr-icon\" style=\"width: 22px; height: 22px;\"><\/div>\n        <\/div>\n            <div class=\"kksr-star\" data-star=\"5\" style=\"padding-right: 5px\">\n            \n\n<div class=\"kksr-icon\" style=\"width: 22px; height: 22px;\"><\/div>\n        <\/div>\n    <\/div>\n    \n<div class=\"kksr-stars-active\" style=\"width: 0px;\">\n            <div class=\"kksr-star\" style=\"padding-right: 5px\">\n            \n\n<div class=\"kksr-icon\" style=\"width: 22px; height: 22px;\"><\/div>\n        <\/div>\n            <div class=\"kksr-star\" style=\"padding-right: 5px\">\n            \n\n<div class=\"kksr-icon\" style=\"width: 22px; height: 22px;\"><\/div>\n        <\/div>\n            <div class=\"kksr-star\" style=\"padding-right: 5px\">\n            \n\n<div class=\"kksr-icon\" style=\"width: 22px; height: 22px;\"><\/div>\n        <\/div>\n            <div class=\"kksr-star\" style=\"padding-right: 5px\">\n            \n\n<div class=\"kksr-icon\" style=\"width: 22px; height: 22px;\"><\/div>\n        <\/div>\n            <div class=\"kksr-star\" style=\"padding-right: 5px\">\n            \n\n<div class=\"kksr-icon\" style=\"width: 22px; height: 22px;\"><\/div>\n        <\/div>\n    <\/div>\n<\/div>\n                \n\n<div class=\"kksr-legend\" style=\"font-size: 17.6px;\">\n            <span class=\"kksr-muted\">Rate this post<\/span>\n    <\/div>\n    <\/div>\n<p>Ser\u00e1 el 17 de diciembre cuando se estrene la \u00faltima parte de la trilog\u00eda de El hobbit y ser\u00e1 el 17 de diciembre cuando tendremos que decir adi\u00f3s al universo de Tolkien en la gran pantalla&#8230; al menos de momento (uno de los\u00a0rumores apunta a que tendremos una Lego pel\u00edcula basada en dicho universo, pero sinceramente, esto no es lo que queremos&#8230;).<\/p>\n<p>Mientras para ir prepar\u00e1ndonos, disfrutad con estos p\u00f3sters que nos muestran a\u00a0<strong>Bilbo <\/strong>(el hobbit, protagonista principal), <strong>Gandalf <\/strong>(el enigm\u00e1tico y aqu\u00ed m\u00e1s que nunca poderoso mago), <strong>Thorin <\/strong>(el monarca enano)<strong>\u00a0<\/strong>, <strong>Bardo<\/strong>\u00a0(el h\u00e9roe humano que ayuda al grupo de Thorin y que ver\u00e9is que tiene un gran papel en esta pel\u00edcual),\u00a0<strong>Tauriel <\/strong>(la elfa que sigue al grupo de Thorin), <strong>Legolas <\/strong>(el hijo del rey elfo del Bosque Negro), y\u00a0<strong>Lady Galadriel, <\/strong>(la reina elfa del reino de L\u00f3rien).<\/p>\n<p>Se antoja una gran pel\u00edcula para cerrar el ciclo&#8230;<\/p>\n<p><a href=\"http:\/\/nosolocomics.com\/blog\/wp-content\/uploads\/2014\/10\/bilbo.jpg\"><img loading=\"lazy\" decoding=\"async\" class=\"alignnone size-full wp-image-8834\" src=\"http:\/\/nosolocomics.com\/blog\/wp-content\/uploads\/2014\/10\/bilbo.jpg\" alt=\"bilbo\" width=\"800\" height=\"490\" \/><\/a> <a href=\"http:\/\/nosolocomics.com\/blog\/wp-content\/uploads\/2014\/10\/Hobbit-Battle-of-Fice-Armies-Bilbo-Poster-2.jpg\"><img loading=\"lazy\" decoding=\"async\" class=\"alignnone size-full wp-image-8840\" src=\"http:\/\/nosolocomics.com\/blog\/wp-content\/uploads\/2014\/10\/Hobbit-Battle-of-Fice-Armies-Bilbo-Poster-2.jpg\" alt=\"Hobbit-Battle-of-Fice-Armies-Bilbo-Poster-2\" width=\"404\" height=\"600\" \/><\/a><a href=\"http:\/\/nosolocomics.com\/blog\/wp-content\/uploads\/2014\/10\/Hobbit-3-Gandalf-poster.jpg\"><img loading=\"lazy\" decoding=\"async\" class=\"alignnone size-full wp-image-8835\" src=\"http:\/\/nosolocomics.com\/blog\/wp-content\/uploads\/2014\/10\/Hobbit-3-Gandalf-poster.jpg\" alt=\"Hobbit-3-Gandalf-poster\" width=\"405\" height=\"600\" \/><\/a><a href=\"http:\/\/nosolocomics.com\/blog\/wp-content\/uploads\/2014\/10\/Hobbit-Battle-Five-Armies-Thorin-poster.jpg\"><img loading=\"lazy\" decoding=\"async\" class=\"alignnone size-full wp-image-8839\" src=\"http:\/\/nosolocomics.com\/blog\/wp-content\/uploads\/2014\/10\/Hobbit-Battle-Five-Armies-Thorin-poster.jpg\" alt=\"Hobbit-Battle-Five-Armies-Thorin-poster\" width=\"404\" height=\"600\" \/><\/a> <a href=\"http:\/\/nosolocomics.com\/blog\/wp-content\/uploads\/2014\/10\/Hobbit-Battle-Five-Armies-Bard-poster.jpg\"><img loading=\"lazy\" decoding=\"async\" class=\"alignnone size-full wp-image-8836\" src=\"http:\/\/nosolocomics.com\/blog\/wp-content\/uploads\/2014\/10\/Hobbit-Battle-Five-Armies-Bard-poster.jpg\" alt=\"Hobbit-Battle-Five-Armies-Bard-poster\" width=\"405\" height=\"600\" \/><\/a><a href=\"http:\/\/nosolocomics.com\/blog\/wp-content\/uploads\/2014\/10\/tauriel.jpg\"><img loading=\"lazy\" decoding=\"async\" class=\"alignnone size-full wp-image-8841\" src=\"http:\/\/nosolocomics.com\/blog\/wp-content\/uploads\/2014\/10\/tauriel.jpg\" alt=\"tauriel\" width=\"404\" height=\"600\" \/><\/a> <a href=\"http:\/\/nosolocomics.com\/blog\/wp-content\/uploads\/2014\/10\/Hobbit-Battle-Five-Armies-Legolas-poster.jpg\"><img loading=\"lazy\" decoding=\"async\" class=\"alignnone size-full wp-image-8838\" src=\"http:\/\/nosolocomics.com\/blog\/wp-content\/uploads\/2014\/10\/Hobbit-Battle-Five-Armies-Legolas-poster.jpg\" alt=\"Hobbit-Battle-Five-Armies-Legolas-poster\" width=\"404\" height=\"600\" \/><\/a> <a href=\"http:\/\/nosolocomics.com\/blog\/wp-content\/uploads\/2014\/10\/Hobbit-Battle-Five-Armies-Galadriel-poster.jpg\"><img loading=\"lazy\" decoding=\"async\" class=\"alignnone size-full wp-image-8837\" src=\"http:\/\/nosolocomics.com\/blog\/wp-content\/uploads\/2014\/10\/Hobbit-Battle-Five-Armies-Galadriel-poster.jpg\" alt=\"Hobbit-Battle-Five-Armies-Galadriel-poster\" width=\"404\" height=\"600\" \/><\/a><\/p>\n<p>Le\u00eddo en <a href=\"http:\/\/alt1040.com\/2014\/10\/posters-the-hobbit-personajes\">ALT1040<\/a><\/p>\n","protected":false},"excerpt":{"rendered":"<p>Ser\u00e1 el 17 de diciembre cuando se estrene la \u00faltima parte de la trilog\u00eda de El hobbit y ser\u00e1 el 17 de diciembre cuando tendremos que decir adi\u00f3s al universo de Tolkien en la gran pantalla&#8230; al menos de momento (uno de los\u00a0rumores apunta a que tendremos una Lego pel\u00edcula basada en dicho universo, pero [&hellip;]<\/p>\n","protected":false},"author":1,"featured_media":8834,"comment_status":"open","ping_status":"open","sticky":false,"template":"","format":"standard","meta":{"_monsterinsights_skip_tracking":false,"_monsterinsights_sitenote_active":false,"_monsterinsights_sitenote_note":"","_monsterinsights_sitenote_category":0,"footnotes":""},"categories":[8],"tags":[100],"class_list":["post-8833","post","type-post","status-publish","format-standard","has-post-thumbnail","hentry","category-seriespeliculas","tag-senor-de-los-anillos"],"aioseo_notices":[],"_links":{"self":[{"href":"https:\/\/www.nosolocomics.com\/blog\/wp-json\/wp\/v2\/posts\/8833","targetHints":{"allow":["GET"]}}],"collection":[{"href":"https:\/\/www.nosolocomics.com\/blog\/wp-json\/wp\/v2\/posts"}],"about":[{"href":"https:\/\/www.nosolocomics.com\/blog\/wp-json\/wp\/v2\/types\/post"}],"author":[{"embeddable":true,"href":"https:\/\/www.nosolocomics.com\/blog\/wp-json\/wp\/v2\/users\/1"}],"replies":[{"embeddable":true,"href":"https:\/\/www.nosolocomics.com\/blog\/wp-json\/wp\/v2\/comments?post=8833"}],"version-history":[{"count":16,"href":"https:\/\/www.nosolocomics.com\/blog\/wp-json\/wp\/v2\/posts\/8833\/revisions"}],"predecessor-version":[{"id":22410,"href":"https:\/\/www.nosolocomics.com\/blog\/wp-json\/wp\/v2\/posts\/8833\/revisions\/22410"}],"wp:featuredmedia":[{"embeddable":true,"href":"https:\/\/www.nosolocomics.com\/blog\/wp-json\/"}],"wp:attachment":[{"href":"https:\/\/www.nosolocomics.com\/blog\/wp-json\/wp\/v2\/media?parent=8833"}],"wp:term":[{"taxonomy":"category","embeddable":true,"href":"https:\/\/www.nosolocomics.com\/blog\/wp-json\/wp\/v2\/categories?post=8833"},{"taxonomy":"post_tag","embeddable":true,"href":"https:\/\/www.nosolocomics.com\/blog\/wp-json\/wp\/v2\/tags?post=8833"}],"curies":[{"name":"wp","href":"https:\/\/api.w.org\/{rel}","templated":true}]}}